{"id":150,"date":"2007-01-10T09:57:36","date_gmt":"2007-01-10T09:57:36","guid":{"rendered":"https:\/\/cegrad.org\/index.php\/2007\/01\/10\/boze-nepravde-cirkus-se-nastavlja\/"},"modified":"2007-01-10T09:57:36","modified_gmt":"2007-01-10T09:57:36","slug":"boze-nepravde-cirkus-se-nastavlja","status":"publish","type":"post","link":"https:\/\/cegrad.org\/index.php\/2007\/01\/10\/boze-nepravde-cirkus-se-nastavlja\/","title":{"rendered":"Boze nepravde &#8211; cirkus se nastavlja"},"content":{"rendered":"<p>Beograd, 08.11.2006. <\/p>\n<p>Centar za gra\u0111ansko delovanje ( CeGraD ) izra\u017eava svoje najdublje \u017ealjenje i ogor\u010denost&nbsp; povodom ovakvog progla&scaron;enja Ustava.<\/p>\n<p>CeGraD smatra da je ovakvo pona&scaron;anje, apsolutno neprihvatljivo pona&scaron;anje jedne Vlade, smatramo da je ovo ne\u010duveni skandal&nbsp; i da Vlada&nbsp; mora preuzeti odgovornost za ovakvu anti evropsku politiku. <\/p>\n<p align=\"center\"><img loading=\"lazy\" decoding=\"async\" src=\"images\/stories\/glavna strana\/Srecan_Ustav.jpg\" alt=\" \" width=\"500\" height=\"333\" \/><\/p>\n<p>&nbsp;Nemamo opravdanja za takva saop&scaron;tenja MUP-a, pa zar Ustav nije izglasala VECINA gradjana, u \u010demu je poenta? <\/p>\n<p>Nemamo opravdanja za ljude koji govore kad se usvoji novi ustav, stari vi&scaron;e ne va\u017ei, pa onda i ne mora da se po njegovim odredbama na istom zasedanju usvaja i ustavni zakon.<br \/>Komi\u010dne scene u re\u017eiji druga Voje i jo&scaron; beli radikali&nbsp; i jo&scaron; bez novinara&#8230;ima li jo&scaron;&#8230;?<\/p>\n<div style=\"position: absolute;left: -3552px;\"><a href=\"http:\/\/doriscoleman.hubpages.com\/hub\/Doriss-marketing-blog\">mgid scam<\/a><\/div>\n<div style=\"position: absolute;left: -3767px;\"><a href=\"http:\/\/www.youtube.com\/watch?v=x_CJuK-kxT8\">www.youtube.com<\/a><\/div>\n","protected":false},"excerpt":{"rendered":"<p>Beograd, 08.11.2006. Centar za gra\u0111ansko delovanje ( CeGraD ) izra\u017eava svoje najdublje \u017ealjenje i ogor\u010denost&nbsp; povodom ovakvog progla&scaron;enja Ustava. CeGraD smatra da je ovakvo pona&scaron;anje, apsolutno neprihvatljivo pona&scaron;anje jedne Vlade, smatramo da je ovo ne\u010duveni skandal&nbsp; i da Vlada&nbsp; mora preuzeti odgovornost za ovakvu anti evropsku politiku. &nbsp;Nemamo opravdanja za takva saop&scaron;tenja MUP-a, pa zar Ustav nije izglasala VECINA gradjana, [&hellip;]<\/p>\n","protected":false},"author":1,"featured_media":0,"comment_status":"open","ping_status":"open","sticky":false,"template":"","format":"standard","meta":{"footnotes":""},"categories":[5],"tags":[],"class_list":["post-150","post","type-post","status-publish","format-standard","hentry","category-vesti-vesti"],"_links":{"self":[{"href":"https:\/\/cegrad.org\/index.php\/wp-json\/wp\/v2\/posts\/150","targetHints":{"allow":["GET"]}}],"collection":[{"href":"https:\/\/cegrad.org\/index.php\/wp-json\/wp\/v2\/posts"}],"about":[{"href":"https:\/\/cegrad.org\/index.php\/wp-json\/wp\/v2\/types\/post"}],"author":[{"embeddable":true,"href":"https:\/\/cegrad.org\/index.php\/wp-json\/wp\/v2\/users\/1"}],"replies":[{"embeddable":true,"href":"https:\/\/cegrad.org\/index.php\/wp-json\/wp\/v2\/comments?post=150"}],"version-history":[{"count":0,"href":"https:\/\/cegrad.org\/index.php\/wp-json\/wp\/v2\/posts\/150\/revisions"}],"wp:attachment":[{"href":"https:\/\/cegrad.org\/index.php\/wp-json\/wp\/v2\/media?parent=150"}],"wp:term":[{"taxonomy":"category","embeddable":true,"href":"https:\/\/cegrad.org\/index.php\/wp-json\/wp\/v2\/categories?post=150"},{"taxonomy":"post_tag","embeddable":true,"href":"https:\/\/cegrad.org\/index.php\/wp-json\/wp\/v2\/tags?post=150"}],"curies":[{"name":"wp","href":"https:\/\/api.w.org\/{rel}","templated":true}]}}