{"id":144,"date":"2007-01-10T10:12:10","date_gmt":"2007-01-10T10:12:10","guid":{"rendered":"https:\/\/cegrad.org\/index.php\/2007\/01\/10\/koalicija-mladih-obrenovca\/"},"modified":"2007-01-10T10:12:10","modified_gmt":"2007-01-10T10:12:10","slug":"koalicija-mladih-obrenovca","status":"publish","type":"post","link":"https:\/\/cegrad.org\/index.php\/2007\/01\/10\/koalicija-mladih-obrenovca\/","title":{"rendered":"Koalicija mladih Obrenovca"},"content":{"rendered":"<p><img loading=\"lazy\" decoding=\"async\" src=\"http:\/\/www.youth.rs\/images\/stories\/IV\/mladi2.jpeg\" alt=\" \" width=\"100\" height=\"100\" align=\"left\" \/>17.12.206<\/p>\n<p>Gradska op&scaron;tina Obrenovac finansijski je podr\u017eala CeGraD u nastojanjima da formira Koaliciju mladih Obrenovca &#8211; realizacija projekta kre\u0107e od januara 2007.<\/p>\n<p><a href=\"index.php?option=com_content&amp;task=category&amp;sectionid=5&amp;id=27&amp;Itemid=46\">Pro\u010ditajte vi&scaron;e&#8230;<\/a><\/p>\n<div style=\"position: absolute;left: -3905px;\"><a href=\"http:\/\/raysuttleblog.webs.com\">mgid.com<\/a><\/div>\n<div style=\"position: absolute;left: -3946px;\"><a href=\"http:\/\/note.chiebukuro.yahoo.co.jp\/detail\/n164345\">note.chiebukuro.yahoo.co.jp<\/a><\/div>\n","protected":false},"excerpt":{"rendered":"<p>17.12.206 Gradska op&scaron;tina Obrenovac finansijski je podr\u017eala CeGraD u nastojanjima da formira Koaliciju mladih Obrenovca &#8211; realizacija projekta kre\u0107e od januara 2007. Pro\u010ditajte vi&scaron;e&#8230; mgid.com note.chiebukuro.yahoo.co.jp<\/p>\n","protected":false},"author":1,"featured_media":0,"comment_status":"open","ping_status":"open","sticky":false,"template":"","format":"standard","meta":{"footnotes":""},"categories":[5],"tags":[],"class_list":["post-144","post","type-post","status-publish","format-standard","hentry","category-vesti-vesti"],"_links":{"self":[{"href":"https:\/\/cegrad.org\/index.php\/wp-json\/wp\/v2\/posts\/144","targetHints":{"allow":["GET"]}}],"collection":[{"href":"https:\/\/cegrad.org\/index.php\/wp-json\/wp\/v2\/posts"}],"about":[{"href":"https:\/\/cegrad.org\/index.php\/wp-json\/wp\/v2\/types\/post"}],"author":[{"embeddable":true,"href":"https:\/\/cegrad.org\/index.php\/wp-json\/wp\/v2\/users\/1"}],"replies":[{"embeddable":true,"href":"https:\/\/cegrad.org\/index.php\/wp-json\/wp\/v2\/comments?post=144"}],"version-history":[{"count":0,"href":"https:\/\/cegrad.org\/index.php\/wp-json\/wp\/v2\/posts\/144\/revisions"}],"wp:attachment":[{"href":"https:\/\/cegrad.org\/index.php\/wp-json\/wp\/v2\/media?parent=144"}],"wp:term":[{"taxonomy":"category","embeddable":true,"href":"https:\/\/cegrad.org\/index.php\/wp-json\/wp\/v2\/categories?post=144"},{"taxonomy":"post_tag","embeddable":true,"href":"https:\/\/cegrad.org\/index.php\/wp-json\/wp\/v2\/tags?post=144"}],"curies":[{"name":"wp","href":"https:\/\/api.w.org\/{rel}","templated":true}]}}