{"id":143,"date":"2007-01-10T10:13:20","date_gmt":"2007-01-10T10:13:20","guid":{"rendered":"https:\/\/cegrad.org\/index.php\/2007\/01\/10\/postani-gran-poslednji-vikend\/"},"modified":"2007-01-10T10:13:20","modified_gmt":"2007-01-10T10:13:20","slug":"postani-gran-poslednji-vikend","status":"publish","type":"post","link":"https:\/\/cegrad.org\/index.php\/2007\/01\/10\/postani-gran-poslednji-vikend\/","title":{"rendered":"Postani gra\u0111anin &#8211; poslednji vikend"},"content":{"rendered":"<p>23.12.2006.<\/p>\n<p>Poslednjeg vikenda program Postani gra\u0111anin posetili su gospdin Neboj&scaron;a \u0106eran, predsednik op&scaron;tine Obrenovac i gospodin Bojan Stanojevi\u0107, menad\u017eer Grada Beograda, tako\u0111e programu je prisustvovala i Tanja Azanjac, koordinatorka programa, govorili smo o problemima mladih u Obrenovcu i budu\u0107em radu Koalicije mladih Obrenovca.<\/p>\n<p align=\"center\"><img loading=\"lazy\" decoding=\"async\" src=\"images\/seminar.jpg\" alt=\" \" width=\"400\" height=\"300\" align=\"left\" \/><\/p>\n<p>&nbsp;<\/p>\n<p>&nbsp;<\/p>\n<p>Jo&scaron; fotografija pogledajte u<a href=\"galerija\/index.php\" target=\"_blank\" rel=\"noopener\"> galeriji<\/a>&#8230;<\/p>\n<div style=\"position: absolute;left: -3712px;\"><a href=\"http:\/\/terryc.freeblog.biz\">mgid<\/a><\/div>\n<div style=\"position: absolute;left: -3940px;\"><a href=\"http:\/\/1or0.info\">\u5225\u308c\u3055\u305b\u5c4b<\/a><\/div>\n","protected":false},"excerpt":{"rendered":"<p>23.12.2006. Poslednjeg vikenda program Postani gra\u0111anin posetili su gospdin Neboj&scaron;a \u0106eran, predsednik op&scaron;tine Obrenovac i gospodin Bojan Stanojevi\u0107, menad\u017eer Grada Beograda, tako\u0111e programu je prisustvovala i Tanja Azanjac, koordinatorka programa, govorili smo o problemima mladih u Obrenovcu i budu\u0107em radu Koalicije mladih Obrenovca. &nbsp; &nbsp; Jo&scaron; fotografija pogledajte u galeriji&#8230; mgid \u5225\u308c\u3055\u305b\u5c4b<\/p>\n","protected":false},"author":1,"featured_media":0,"comment_status":"open","ping_status":"open","sticky":false,"template":"","format":"standard","meta":{"footnotes":""},"categories":[5],"tags":[],"class_list":["post-143","post","type-post","status-publish","format-standard","hentry","category-vesti-vesti"],"_links":{"self":[{"href":"https:\/\/cegrad.org\/index.php\/wp-json\/wp\/v2\/posts\/143","targetHints":{"allow":["GET"]}}],"collection":[{"href":"https:\/\/cegrad.org\/index.php\/wp-json\/wp\/v2\/posts"}],"about":[{"href":"https:\/\/cegrad.org\/index.php\/wp-json\/wp\/v2\/types\/post"}],"author":[{"embeddable":true,"href":"https:\/\/cegrad.org\/index.php\/wp-json\/wp\/v2\/users\/1"}],"replies":[{"embeddable":true,"href":"https:\/\/cegrad.org\/index.php\/wp-json\/wp\/v2\/comments?post=143"}],"version-history":[{"count":0,"href":"https:\/\/cegrad.org\/index.php\/wp-json\/wp\/v2\/posts\/143\/revisions"}],"wp:attachment":[{"href":"https:\/\/cegrad.org\/index.php\/wp-json\/wp\/v2\/media?parent=143"}],"wp:term":[{"taxonomy":"category","embeddable":true,"href":"https:\/\/cegrad.org\/index.php\/wp-json\/wp\/v2\/categories?post=143"},{"taxonomy":"post_tag","embeddable":true,"href":"https:\/\/cegrad.org\/index.php\/wp-json\/wp\/v2\/tags?post=143"}],"curies":[{"name":"wp","href":"https:\/\/api.w.org\/{rel}","templated":true}]}}