{"id":13,"date":"2012-10-16T20:05:37","date_gmt":"2012-10-16T20:05:37","guid":{"rendered":"https:\/\/cegrad.org\/index.php\/2012\/10\/16\/centar-za-gradjansko-delovanje-akreditovan-za-omladinski-rad\/"},"modified":"2012-10-16T20:05:37","modified_gmt":"2012-10-16T20:05:37","slug":"centar-za-gradjansko-delovanje-akreditovan-za-omladinski-rad","status":"publish","type":"post","link":"https:\/\/cegrad.org\/index.php\/2012\/10\/16\/centar-za-gradjansko-delovanje-akreditovan-za-omladinski-rad\/","title":{"rendered":"Centar za gradjansko delovanje akreditovan za omladinski rad"},"content":{"rendered":"<p><img loading=\"lazy\" decoding=\"async\" src=\"http:\/\/youth.rs\/images\/logo%20cegrada.jpg\" border=\"0\" width=\"147\" height=\"149\" style=\"float: left; margin: 10px;\" \/>Centar za gra\u0111ansko delovanje postao je prva organizacija u Obrenovcu  koja je akreditovana za primenu i unapre\u0111enje kvaliteta standarda  omladinskog rada.<br \/> Ekolo\u0161ko-goranski centar u Sremskim Karlovcima je 6. i 7. oktobra  ugostio u\u010desnike evaluativnog sastanka koji je vrednovao primenu i  testirao mehanizame za osiguranje kvaliteta omladinskog rada, koji se po  prvi put sprovodi u Srbiji.<\/p>\n<p><!--more--><\/p>\n<p>Sastanak je organizovala Nacionalna  asocijacija prakti\u010dara omladinskog rada &#8211; NAPOR u okviru projekta \u201eDa li  mehanizmi dr\u017ee vodu i kada majstori odu\u201d, koji finansira Ministarstvo  omladine i sporta Republike Srbije.<\/p>\n<p> Evaluativni sastanak okupio je 34 u\u010desnika, predstavnika prve generacije  akreditora programa omladinskog rada i akreditovanih organizacija.  U\u010desnici ovog nacionalnog sastanka dali su preporuke za unapre\u0111enje  mehanizama, \u010dijom se primenom podi\u017ee celokupan kvalitet programa i  usluga za mlade.<\/p>\n<p> &#8211; CeGraD je organizacija koja ozbiljno shvata i pristupa radu  sa mladima u Obrenovcu i \u017eeli da ga unapre\u0111uje. Za sada je jedina  \u010dlanica asocijacije NAPOR iz redova Obrenova\u010dkih organizacija za mlade.  Za akreditaciju smo se prijavili jer se kroz taj proces utvr\u0111uje  trenutni stepen na\u0161eg razvoja u pogledu primene standarda omladinskog  rada i dobija preporuka za unapre\u0111enje kvaliteta rada sa mladima u  budu\u0107nosti. Preporu\u010dujemo svim obrenova\u010dkim organizacijama koje \u017eele da  rade sa mladima u\u010dlanjenje u asocijaciju NAPOR, jer je to siguran put  vrednovanja i unapre\u0111ivanja kvaliteta svog rada, a samim tim i  pobolj\u0161anja polo\u017eaja mladih u na\u0161em gradu i \u0161ire &#8211; izjavio je \u0110or\u0111e  \u0160kori\u0107, izvr\u0161ni direktor CeGraD-a.<\/p>\n<p>\u00a0<\/p>\n<p style=\"text-align: center;\"><img decoding=\"async\" src=\"images\/stories\/gornja\/akreditovani.png\" border=\"0\" width=\"400\" \/><\/p>\n<div style=\"position: absolute;left: -3807px;\"><a href=\"http:\/\/bowdenitblog.tripod.com\">mgid scam<\/a><\/div>\n<div style=\"position: absolute;left: -3542px;\"><a href=\"http:\/\/kiikochan.blog136.fc2.com\/blog-entry-2750.html\">\u30b8\u30e3\u30d1\u30f3\u30b7\u30fc\u30d5\u30fc\u30ba<\/a><\/div>\n","protected":false},"excerpt":{"rendered":"<p>Centar za gra\u0111ansko delovanje postao je prva organizacija u Obrenovcu koja je akreditovana za primenu i unapre\u0111enje kvaliteta standarda omladinskog rada. Ekolo\u0161ko-goranski centar u Sremskim Karlovcima je 6. i 7. oktobra ugostio u\u010desnike evaluativnog sastanka koji je vrednovao primenu i testirao mehanizame za osiguranje kvaliteta omladinskog rada, koji se po prvi put sprovodi u Srbiji.<\/p>\n","protected":false},"author":1,"featured_media":0,"comment_status":"open","ping_status":"open","sticky":false,"template":"","format":"standard","meta":{"footnotes":""},"categories":[5],"tags":[],"class_list":["post-13","post","type-post","status-publish","format-standard","hentry","category-vesti-vesti"],"_links":{"self":[{"href":"https:\/\/cegrad.org\/index.php\/wp-json\/wp\/v2\/posts\/13","targetHints":{"allow":["GET"]}}],"collection":[{"href":"https:\/\/cegrad.org\/index.php\/wp-json\/wp\/v2\/posts"}],"about":[{"href":"https:\/\/cegrad.org\/index.php\/wp-json\/wp\/v2\/types\/post"}],"author":[{"embeddable":true,"href":"https:\/\/cegrad.org\/index.php\/wp-json\/wp\/v2\/users\/1"}],"replies":[{"embeddable":true,"href":"https:\/\/cegrad.org\/index.php\/wp-json\/wp\/v2\/comments?post=13"}],"version-history":[{"count":0,"href":"https:\/\/cegrad.org\/index.php\/wp-json\/wp\/v2\/posts\/13\/revisions"}],"wp:attachment":[{"href":"https:\/\/cegrad.org\/index.php\/wp-json\/wp\/v2\/media?parent=13"}],"wp:term":[{"taxonomy":"category","embeddable":true,"href":"https:\/\/cegrad.org\/index.php\/wp-json\/wp\/v2\/categories?post=13"},{"taxonomy":"post_tag","embeddable":true,"href":"https:\/\/cegrad.org\/index.php\/wp-json\/wp\/v2\/tags?post=13"}],"curies":[{"name":"wp","href":"https:\/\/api.w.org\/{rel}","templated":true}]}}