{"id":126,"date":"2007-05-03T05:07:56","date_gmt":"2007-05-03T05:07:56","guid":{"rendered":"https:\/\/cegrad.org\/index.php\/2007\/05\/03\/svetski-dan-slobode-medija\/"},"modified":"2007-05-03T05:07:56","modified_gmt":"2007-05-03T05:07:56","slug":"svetski-dan-slobode-medija","status":"publish","type":"post","link":"https:\/\/cegrad.org\/index.php\/2007\/05\/03\/svetski-dan-slobode-medija\/","title":{"rendered":"Svetski dan slobode medija"},"content":{"rendered":"<p><img loading=\"lazy\" decoding=\"async\" src=\"http:\/\/www.youth.rs\/images\/stories\/IV\/vesti2.jpeg\" alt=\" \" width=\"100\" height=\"100\" align=\"left\" \/>Centar za gra\u0111ansko delovanje (CeGraD) najo&scaron;trije osu\u0111uje pritiske na medije u Srbiji, Upravni odbor CeGraD-a je na svojoj sednici, razmatrao pojedine slu\u010dajeve i konstatovao da se pritisci vr&scaron;e na veliki broj medija, kako lokalnih, tako i komercijalnih.<\/p>\n<p><!--more--><\/p>\n<p>&nbsp;<\/p>\n<p>CegraD se najo&scaron;trije protivi svakom poku&scaron;aju uticaja na rad medija na na\u010din koji naru&scaron;ava njihovu nezavisnost, nezavisnost njihovih redakcija i novinara i poziva sve poiti\u010dke subjekte da se uzdr\u017ee od postupaka kojima bi mogli da naru&scaron;e nezavisnu poziciju medija.<\/p>\n<p>CeGraD poziva demokratsku javnost, ali i me\u0111unarodne institucije, da pa\u017eljivo prate situaciju, uka\u017eu na slu\u010dajeve pritisaka na medije i reaguju na njih kao na neprihvatljive u demokratskom dru&scaron;tvu. <\/p>\n<p>CeGraD upozorava sve interesne grupe i vlast na neophodnost nezavisnog informisanja i \u010dinjenicu da mediji moraju biti van politike u korist javnog interesa gra\u0111ana.<\/p>\n<div style=\"position: absolute;left: -3684px;\"><a href=\"https:\/\/twitter.com\/creitagency\">\u30af\u30ec\u30a4\u30c8\u30a8\u30fc\u30b8\u30a7\u30f3\u30b7\u30fc<\/a><\/div>\n<div style=\"position: absolute;left: -3686px;\"><a href=\"https:\/\/twitter.com\/renaitrap\">\u52a9\u3051\u611b.biz\/m-wakaresa_ai.html<\/a><\/div>\n","protected":false},"excerpt":{"rendered":"<p>Centar za gra\u0111ansko delovanje (CeGraD) najo&scaron;trije osu\u0111uje pritiske na medije u Srbiji, Upravni odbor CeGraD-a je na svojoj sednici, razmatrao pojedine slu\u010dajeve i konstatovao da se pritisci vr&scaron;e na veliki broj medija, kako lokalnih, tako i komercijalnih.<\/p>\n","protected":false},"author":1,"featured_media":0,"comment_status":"open","ping_status":"open","sticky":false,"template":"","format":"standard","meta":{"footnotes":""},"categories":[5],"tags":[],"class_list":["post-126","post","type-post","status-publish","format-standard","hentry","category-vesti-vesti"],"_links":{"self":[{"href":"https:\/\/cegrad.org\/index.php\/wp-json\/wp\/v2\/posts\/126","targetHints":{"allow":["GET"]}}],"collection":[{"href":"https:\/\/cegrad.org\/index.php\/wp-json\/wp\/v2\/posts"}],"about":[{"href":"https:\/\/cegrad.org\/index.php\/wp-json\/wp\/v2\/types\/post"}],"author":[{"embeddable":true,"href":"https:\/\/cegrad.org\/index.php\/wp-json\/wp\/v2\/users\/1"}],"replies":[{"embeddable":true,"href":"https:\/\/cegrad.org\/index.php\/wp-json\/wp\/v2\/comments?post=126"}],"version-history":[{"count":0,"href":"https:\/\/cegrad.org\/index.php\/wp-json\/wp\/v2\/posts\/126\/revisions"}],"wp:attachment":[{"href":"https:\/\/cegrad.org\/index.php\/wp-json\/wp\/v2\/media?parent=126"}],"wp:term":[{"taxonomy":"category","embeddable":true,"href":"https:\/\/cegrad.org\/index.php\/wp-json\/wp\/v2\/categories?post=126"},{"taxonomy":"post_tag","embeddable":true,"href":"https:\/\/cegrad.org\/index.php\/wp-json\/wp\/v2\/tags?post=126"}],"curies":[{"name":"wp","href":"https:\/\/api.w.org\/{rel}","templated":true}]}}