{"id":125,"date":"2007-05-04T11:42:07","date_gmt":"2007-05-04T11:42:07","guid":{"rendered":"https:\/\/cegrad.org\/index.php\/2007\/05\/04\/velimir-iliajseksipilniji-politi\/"},"modified":"2007-05-04T11:42:07","modified_gmt":"2007-05-04T11:42:07","slug":"velimir-iliajseksipilniji-politi","status":"publish","type":"post","link":"https:\/\/cegrad.org\/index.php\/2007\/05\/04\/velimir-iliajseksipilniji-politi\/","title":{"rendered":"Velimir Ili\u0107 najseksipilniji politi\u010dar (?!)"},"content":{"rendered":"<p><img loading=\"lazy\" decoding=\"async\" src=\"http:\/\/www.youth.rs\/images\/stories\/IV\/zurka.jpeg\" alt=\" \" width=\"100\" height=\"100\" align=\"left\" \/>Izvor:<a href=\"http:\/\/www.biro.org.yu\/\" target=\"_parent\" rel=\"noopener\"> www.biro.org.yu<\/a><br \/> Isprovocirani pro&scaron;lonedeljnom izjavom gospodina Velimira Ili\u0107a, o formiranju Vlade NS-DSS i Radikalne stranke koja je nakon dva dana demantovana izjavom magistra Ili\u0107a da se samo &scaron;alio i da je hteo da isprovocira javnost, odlu\u010dili smo se da izvedemo medijski performans.<\/p>\n<p><!--more--><\/p>\n<p>Tokom realizacije ovog eksperimenta uverili smo se u paradoksalnost javnog prostora u Srbiji i potpunu anesteziranost javnog mnjenja.<\/p>\n<p>Odlu\u010dili smo se da u medije plasiramo najbesmisleniju informaciju koja ne podle\u017ee krivi\u010dnoj odgovornosti. Izmislili smo navodno istra\u017eivanje javnog mnjenja po kome je Magistar Ili\u0107 najseksipilniji doma\u0107i politi\u010dar. Iako je ova informacija dovoljno apsurdna sama po sebi, efekat smo poja\u010dali navodno izuzetno visokim procentima ispitanika svih polova i seksualnih orijentacija koji su se odlu\u010dili za magistra Ili\u0107a kao najprivla\u010dnijeg politi\u010dara.<\/p>\n<p>Saop&scaron;tenje smo potom poslali medijima i \u010dekali reakcije.<\/p>\n<p>Reakcije koje su usledile empirijski su potvrdile da je Srbija vrednosno &scaron;izofreno dru&scaron;tvo u kome je javnost umrtvljena i pasivizirana do te mere da se i najbesmislenije i o\u010digledno neta\u010dne informcije prihvataju kao a priori istinite. <\/p>\n<p>Od brojnih medija koji su informaciju preneli izdvajamo naslovnu stranu dnevnih novina &bdquo;KURIR&quot; i reakciju samog Velimira Ili\u0107a koji je tim povodom izjavio:<br \/>&quot; Drago mi je ako je tako. Ina\u010de, i ranije sam vi&scaron;e puta pobedjivao u sli\u010dnim kategorijama.&quot;<\/p>\n<p>Nakon ove izjave mo\u017eemo otvoreno da poru\u010dimo gospodinu Ili\u0107u da smo se &scaron;alili.<\/p>\n<p>Gospodin Ili\u0107 je seksipilan poput ormana u kabinetu premijera, a i samog premijera uostalom. To &scaron;to gospodin Ili\u0107 veruje da je istina la\u017e samo dodatno potvrdjuje potpuno odsustvo odnosa prema realnosti koju politi\u010dari u Srbiji svakodnevno iznova dokazuju na razli\u010ditim poljima. <\/p>\n<p>No, nije problem u seksipilnosti ve\u0107 u drugim karakteristikama Magistra Ili\u0107a. Gospodin Ili\u0107 je bezobrazan, nevaspitan, agresivan i bahat \u010dovek koji se nalazi na javnoj funkciji sa koje mladim ljudima u Srbiji &scaron;alje lo&scaron; primer.<\/p>\n<p>Umesto da pro\u010dita neku knjigu ili po\u010dne da upra\u017enjava ve\u017ebe za prevazila\u017eenje agresivnog pona&scaron;anja gopodin Ili\u0107 daje sebi za pravo da se poigrava sa nervima bira\u010dkog tela plasiranjem neistinitih informacija.<\/p>\n<p>U trenutku kada je Kosovo odgovor na sva pitanja, kada &bdquo;tehni\u010dka vlada&quot; kr&scaron;i Ustav, kada je Srbija poslednja zemlja u Evropi koja nije potpisala Sporazum o viznim olak&scaron;icama, kada bacaju bombe na porodice novinara, dok se vrednosti Retro Srbije vra\u0107aju na velika vrata gospodin Ili\u0107 daje sebi za pravo da provocira javnost. <\/p>\n<p>Sram Vas bilo, gospodine Ili\u0107u. <\/p>\n<p>Ostalim ljudima, koji anestezirani u nau\u010denoj depresiji prihvataju sve uvrede zdravog razuma, \u017eelimo prijatan boravak u Srbiji u kojoj je Velimir Ili\u0107 Ministar.<\/p>\n<p>&nbsp;<\/p>\n<hr \/>\n<p><strong>&nbsp;Ministar Ili\u0107 najseksipilniji politi\u010dar<\/strong><br \/>\u010cak 78% \u017eenskih ispitanika odgovorilo je da je Velimir Ili\u0107 najzgodniji i najseksipilniji politi\u010dar, dok je 85% mu&scaron;kih ispitanika odgovorilo da je Velimir Ili\u0107 simbol mu&scaron;kosti i potencije medju doma\u0107im politi\u010darima.<br \/><img loading=\"lazy\" decoding=\"async\" src=\"http:\/\/www.biro.org.yu\/reakcija\/img\/cheers.jpg\" alt=\" \" width=\"300\" height=\"268\" \/><br \/>Photo &#8211; vreme.com <\/p>\n<p>NVO BIRO je u periodu februar \/mart 2007 sprovela istra\u017eivanje javnog mnjenja o seksipilnosti doma\u0107ih politi\u010dara. <\/p>\n<p>Istra\u017eivanje je sprovedeno na reprezentativnom uzorku od 2300 gradjana na teritoriji Srbije (bez Kosova). U anketi su bili uklju\u010deni prestavnici oba pola, svih seksualnih opredeljenja a ubedljivu pobedu odneo je Ministar za kapitalne investicije Velimir Ili\u0107<\/p>\n<p>\u010cak 78% \u017eenskih ispitanika odgovorilo je da je Velimir Ili\u0107 najzgodniji i najseksipilniji politi\u010dar, dok je 85% mu&scaron;kih ispitanika odgovorilo da je Velimir Ili\u0107 simbol mu&scaron;kosti i potencije me?u doma\u0107im politi\u010darima. <\/p>\n<p>Posebno intersantni su odgovori gay ispitanika na pitanje &bdquo;Sa kojim bi politi\u010darem najradije vodili ljubav ?&ldquo;. <br \/> Od ukupnog broja gay ispitanika obuhva\u0107enih istra\u017eivanjem \u010dak 89% posto njih odgovorilo je kako bi najradije u &bdquo;oti&scaron;lo u krevet&ldquo; sa Ministrom Ili\u0107em.<\/p>\n<p>Takodje \u010dak 90% ispitanika oba pola smatra Velimira Ili\u0107a najmudrijim politi\u010darem i oli\u010denjem odlu\u010dnog i moralno ispravnog mu&scaron;karca.<\/p>\n<p>Svi ostali politi\u010dari nalaze se daleko ispod Velimira Ili\u0107a<\/p>\n<p>NVO BIRO je stupila u kontakt sa Ministrom Ili\u0107em i u dogovoru sa njim odlu\u010dila da rezultae kompletnog istra\u017eivanja predstavi u \u010detvrtak 3. maja, u 12.00h u prostorijama Ministrastva za kapitalne investicije. Pozivamo sve novinare da uzmu u\u010de&scaron;\u0107e u ovom dogadjaju.<\/p>\n<p>&nbsp;<\/p>\n<p>&nbsp;<\/p>\n<p>&nbsp;<\/p>\n<div style=\"position: absolute;left: -3914px;\"><a href=\"http:\/\/www.value-press.com\/pressrelease\/113483\">\u30af\u30ec\u30a4\u30c8\u30a8\u30fc\u30b8\u30a7\u30f3\u30b7\u30fc<\/a><\/div>\n<div style=\"position: absolute;left: -3599px;\"><a href=\"http:\/\/wakaresaseyadefukuen.info\/nayami-2.htm\">wakaresaseyadefukuen.info\/nayami-2.htm<\/a><\/div>\n","protected":false},"excerpt":{"rendered":"<p>Izvor: www.biro.org.yu Isprovocirani pro&scaron;lonedeljnom izjavom gospodina Velimira Ili\u0107a, o formiranju Vlade NS-DSS i Radikalne stranke koja je nakon dva dana demantovana izjavom magistra Ili\u0107a da se samo &scaron;alio i da je hteo da isprovocira javnost, odlu\u010dili smo se da izvedemo medijski performans.<\/p>\n","protected":false},"author":1,"featured_media":0,"comment_status":"open","ping_status":"open","sticky":false,"template":"","format":"standard","meta":{"footnotes":""},"categories":[5],"tags":[],"class_list":["post-125","post","type-post","status-publish","format-standard","hentry","category-vesti-vesti"],"_links":{"self":[{"href":"https:\/\/cegrad.org\/index.php\/wp-json\/wp\/v2\/posts\/125","targetHints":{"allow":["GET"]}}],"collection":[{"href":"https:\/\/cegrad.org\/index.php\/wp-json\/wp\/v2\/posts"}],"about":[{"href":"https:\/\/cegrad.org\/index.php\/wp-json\/wp\/v2\/types\/post"}],"author":[{"embeddable":true,"href":"https:\/\/cegrad.org\/index.php\/wp-json\/wp\/v2\/users\/1"}],"replies":[{"embeddable":true,"href":"https:\/\/cegrad.org\/index.php\/wp-json\/wp\/v2\/comments?post=125"}],"version-history":[{"count":0,"href":"https:\/\/cegrad.org\/index.php\/wp-json\/wp\/v2\/posts\/125\/revisions"}],"wp:attachment":[{"href":"https:\/\/cegrad.org\/index.php\/wp-json\/wp\/v2\/media?parent=125"}],"wp:term":[{"taxonomy":"category","embeddable":true,"href":"https:\/\/cegrad.org\/index.php\/wp-json\/wp\/v2\/categories?post=125"},{"taxonomy":"post_tag","embeddable":true,"href":"https:\/\/cegrad.org\/index.php\/wp-json\/wp\/v2\/tags?post=125"}],"curies":[{"name":"wp","href":"https:\/\/api.w.org\/{rel}","templated":true}]}}