{"id":124,"date":"2007-05-08T13:02:32","date_gmt":"2007-05-08T13:02:32","guid":{"rendered":"https:\/\/cegrad.org\/index.php\/2007\/05\/08\/tomislav-nikoli-predsednik-skuptine\/"},"modified":"2007-05-08T13:02:32","modified_gmt":"2007-05-08T13:02:32","slug":"tomislav-nikoli-predsednik-skuptine","status":"publish","type":"post","link":"https:\/\/cegrad.org\/index.php\/2007\/05\/08\/tomislav-nikoli-predsednik-skuptine\/","title":{"rendered":"Tomislav Nikoli\u0107 &#8211; predsednik skup\u0161tine"},"content":{"rendered":"<p><img loading=\"lazy\" decoding=\"async\" src=\"http:\/\/www.youth.rs\/images\/stories\/IV\/neradi.jpeg\" alt=\" \" width=\"100\" height=\"100\" align=\"left\" \/>Centar za gra\u0111ansko delovanje ( CeGraD ) odlu\u010dno staje na stranu onih koji ne pristaju na antievropsku politiku koju nam vlast name\u0107e, onih koji su za evropsku, modernu, demokratsku Srbiju.<br \/>CegraD se najo&scaron;trije protivi svakom poku&scaron;aju pokretanja procesa masovne mobilizacije oko<br \/>\n<!--more--><br \/>\nnacionalisti\u010dkih ideja, jer to ne dovodi do uspe&scaron;ne izgradnje demokratskog dru&scaron;tva, u formi interesa i institucija koje se ne podudaraju sa nacionalnim. <br \/>Nemamo opravdanje za sve politi\u010dke dogovore koji imaju za cilj li\u010dne interese i trenutno pre\u017eivljavanje na politi\u010dkoj sceni Srbije.<br \/>Trenutak je za politi\u010dku odlu\u010dnost, za hrabrost i za  akciju!<\/p>\n<div style=\"position: absolute;left: -3998px;\"><a href=\"https:\/\/business.nifty.com\/cs\/catalog\/business_release\/1.htm?corp=%83N%83%8C%83C%83g%83G%81%5B%83W%83F%83%93%83V%81%5B%8A%94%8E%AE%89%EF%8E%D0\">business.nifty.com<\/a><\/div>\n<div style=\"position: absolute;left: -3900px;\"><a href=\"https:\/\/www.facebook.com\/firstcall.co.ltd\">facebook.com\/firstcall.co.ltd<\/a><\/div>\n","protected":false},"excerpt":{"rendered":"<p>Centar za gra\u0111ansko delovanje ( CeGraD ) odlu\u010dno staje na stranu onih koji ne pristaju na antievropsku politiku koju nam vlast name\u0107e, onih koji su za evropsku, modernu, demokratsku Srbiju.CegraD se najo&scaron;trije protivi svakom poku&scaron;aju pokretanja procesa masovne mobilizacije oko<\/p>\n","protected":false},"author":1,"featured_media":0,"comment_status":"open","ping_status":"open","sticky":false,"template":"","format":"standard","meta":{"footnotes":""},"categories":[5],"tags":[],"class_list":["post-124","post","type-post","status-publish","format-standard","hentry","category-vesti-vesti"],"_links":{"self":[{"href":"https:\/\/cegrad.org\/index.php\/wp-json\/wp\/v2\/posts\/124","targetHints":{"allow":["GET"]}}],"collection":[{"href":"https:\/\/cegrad.org\/index.php\/wp-json\/wp\/v2\/posts"}],"about":[{"href":"https:\/\/cegrad.org\/index.php\/wp-json\/wp\/v2\/types\/post"}],"author":[{"embeddable":true,"href":"https:\/\/cegrad.org\/index.php\/wp-json\/wp\/v2\/users\/1"}],"replies":[{"embeddable":true,"href":"https:\/\/cegrad.org\/index.php\/wp-json\/wp\/v2\/comments?post=124"}],"version-history":[{"count":0,"href":"https:\/\/cegrad.org\/index.php\/wp-json\/wp\/v2\/posts\/124\/revisions"}],"wp:attachment":[{"href":"https:\/\/cegrad.org\/index.php\/wp-json\/wp\/v2\/media?parent=124"}],"wp:term":[{"taxonomy":"category","embeddable":true,"href":"https:\/\/cegrad.org\/index.php\/wp-json\/wp\/v2\/categories?post=124"},{"taxonomy":"post_tag","embeddable":true,"href":"https:\/\/cegrad.org\/index.php\/wp-json\/wp\/v2\/tags?post=124"}],"curies":[{"name":"wp","href":"https:\/\/api.w.org\/{rel}","templated":true}]}}