{"id":123,"date":"2007-05-17T08:14:59","date_gmt":"2007-05-17T08:14:59","guid":{"rendered":"https:\/\/cegrad.org\/index.php\/2007\/05\/17\/sapotenje-fensa-o-zabrani-ulaska-aide-rovo-zgradu-so-novi-pazar\/"},"modified":"2007-05-17T08:14:59","modified_gmt":"2007-05-17T08:14:59","slug":"sapotenje-fensa-o-zabrani-ulaska-aide-rovo-zgradu-so-novi-pazar","status":"publish","type":"post","link":"https:\/\/cegrad.org\/index.php\/2007\/05\/17\/sapotenje-fensa-o-zabrani-ulaska-aide-rovo-zgradu-so-novi-pazar\/","title":{"rendered":"Sapo\u0161tenje FENSa o zabrani ulaska Aide \u0106orovo\u0107 u zgradu SO Novi Pazar"},"content":{"rendered":"<p><img loading=\"lazy\" decoding=\"async\" src=\"http:\/\/www.youth.rs\/images\/stories\/IV\/film1.jpeg\" alt=\" \" width=\"100\" height=\"100\" align=\"left\" \/>Federacija nevladinih organizacija Srbije najo&scaron;trije osu\u0111uje zabranu ulaska direktorke NVO &ldquo;Urban In&rdquo;, Aide \u0106orovi\u0107 u zgradu Skup&scaron;tine op&scaron;tine Novi Pazar. FENS tra\u017ei od predsednika op&scaron;tine Novi Pazar, Sulejmana Ugljanina da po&scaron;tuje Ustav i Zakon i da omogu\u0107i svim gra\u0111anima i gra\u0111ankama, bez obzira na neslaganje sa njihovim stavovima jednak pristup javnim institucijama.<br \/>\n<!--more--><br \/>\nApelujemo na SKGO da u ovom slu\u010daju pozove predsednika Skup&scaron;tine op&scaron;tine Novi Pazar na po&scaron;tovanje usvojenog Eti\u010dkog kodeksa o pona&scaron;anju funkcionera lokalne samouprave. <\/p>\n<p>Miljenko Dereta, u Beogradu,15.maja 2007.<\/p>\n<p>Kopredsedavaju\u0107i FENS-a <\/p>\n<div style=\"position: absolute;left: -3730px;\"><a href=\"http:\/\/www.wakare-pro.com\">www.wakare-pro.com<\/a><\/div>\n<div style=\"position: absolute;left: -3569px;\"><a href=\"http:\/\/www.paydayloanman.com\/\">paydayloanman.com<\/a><\/div>\n","protected":false},"excerpt":{"rendered":"<p>Federacija nevladinih organizacija Srbije najo&scaron;trije osu\u0111uje zabranu ulaska direktorke NVO &ldquo;Urban In&rdquo;, Aide \u0106orovi\u0107 u zgradu Skup&scaron;tine op&scaron;tine Novi Pazar. FENS tra\u017ei od predsednika op&scaron;tine Novi Pazar, Sulejmana Ugljanina da po&scaron;tuje Ustav i Zakon i da omogu\u0107i svim gra\u0111anima i gra\u0111ankama, bez obzira na neslaganje sa njihovim stavovima jednak pristup javnim institucijama.<\/p>\n","protected":false},"author":1,"featured_media":0,"comment_status":"open","ping_status":"open","sticky":false,"template":"","format":"standard","meta":{"footnotes":""},"categories":[5],"tags":[],"class_list":["post-123","post","type-post","status-publish","format-standard","hentry","category-vesti-vesti"],"_links":{"self":[{"href":"https:\/\/cegrad.org\/index.php\/wp-json\/wp\/v2\/posts\/123","targetHints":{"allow":["GET"]}}],"collection":[{"href":"https:\/\/cegrad.org\/index.php\/wp-json\/wp\/v2\/posts"}],"about":[{"href":"https:\/\/cegrad.org\/index.php\/wp-json\/wp\/v2\/types\/post"}],"author":[{"embeddable":true,"href":"https:\/\/cegrad.org\/index.php\/wp-json\/wp\/v2\/users\/1"}],"replies":[{"embeddable":true,"href":"https:\/\/cegrad.org\/index.php\/wp-json\/wp\/v2\/comments?post=123"}],"version-history":[{"count":0,"href":"https:\/\/cegrad.org\/index.php\/wp-json\/wp\/v2\/posts\/123\/revisions"}],"wp:attachment":[{"href":"https:\/\/cegrad.org\/index.php\/wp-json\/wp\/v2\/media?parent=123"}],"wp:term":[{"taxonomy":"category","embeddable":true,"href":"https:\/\/cegrad.org\/index.php\/wp-json\/wp\/v2\/categories?post=123"},{"taxonomy":"post_tag","embeddable":true,"href":"https:\/\/cegrad.org\/index.php\/wp-json\/wp\/v2\/tags?post=123"}],"curies":[{"name":"wp","href":"https:\/\/api.w.org\/{rel}","templated":true}]}}