{"id":122,"date":"2007-05-20T11:16:17","date_gmt":"2007-05-20T11:16:17","guid":{"rendered":"https:\/\/cegrad.org\/index.php\/2007\/05\/20\/koalicija-mladih-drava-srbija-najzad-preuzela-odgovornost-za-mlade\/"},"modified":"2007-05-20T11:16:17","modified_gmt":"2007-05-20T11:16:17","slug":"koalicija-mladih-drava-srbija-najzad-preuzela-odgovornost-za-mlade","status":"publish","type":"post","link":"https:\/\/cegrad.org\/index.php\/2007\/05\/20\/koalicija-mladih-drava-srbija-najzad-preuzela-odgovornost-za-mlade\/","title":{"rendered":"Koalicija mladih: \u201cDr\u017eava Srbija najzad preuzela odgovornost za mlade\u201d"},"content":{"rendered":"<p><img loading=\"lazy\" decoding=\"async\" src=\"http:\/\/www.youth.rs\/images\/stories\/IV\/muzika1.jpeg\" alt=\" \" width=\"100\" height=\"74\" align=\"left\" \/>Dr\u017eava Srbija vi&scaron;e se ne nalazi me\u0111u poslednjim zemljama na mapi sveta, koje nemaju nikakvo nacionalno telo za brigu o mladima, zahvaljuju\u0107i politi\u010dkoj volji donosioca odluka, ali i sedmogodi&scaron;njem zalaganju omladinskog civilnog sektora.Imaju\u0107i u vidu mnogobrojne probleme i potrebe dana&scaron;njice sa kojima se susre\u0107u mladi ljudi u Srbiji, smatramo da je dr\u017eava morala da prihvati odgovornost koju ima u re&scaron;avanju omladinskih pitanja.<\/p>\n<p><!--more--><\/p>\n<p>Smatraju\u0107i da su mladi ljudi jedan od strate&scaron;kih prioriteta za razvoj dr\u017eave,&nbsp; Koalicija mladih Srbije pozdravlja formiranje ministarstva koje \u0107e voditi brigu o mladima. <\/p>\n<p>Artikulisanjem potreba za formiranjem nacionalnog tela za mlade i konsenzusom omladinskih organizacija i omladine politi\u010dkih stranaka i partija Srbije inicirano je formiranje ovog tela. Sastanci omladina polit\u010dkih stranaka i nevladinih organizacija, kao i okrugli sto, organizovan od strane Koalicije mladih Srbije u Medija centru 26. maja 2007. godine,&nbsp; posve\u0107en formiranju nacionalnog tela za mlade, doneli su zaklju\u010dke da dr\u017eavno telo za brigu o mladima treba ostati&nbsp; daleko od dnevne politike i&nbsp; ne sme postati sredstvo politi\u010dke promocije, te se nadamo da \u0107e takvo ministarstvo za omladinu, zaista biti i formirano. <\/p>\n<p>Dr\u017eava Srbija najzad je preuzela brigu o svojim mladim gra\u0111anima i gra\u0111ankama, a&nbsp; slede\u0107i korak je da u dijalogu sa mladim ljudima i svim zainteresovanim i odgovornim stranama za njihov razvoj sa\u010dini strategiju koja \u0107e odgovoriti na rastu\u0107e probleme i potrebe mladih. <\/p>\n<p>Formiranjem ministarstva za omladinu, prvi uslov za dono&scaron;enje strate&scaron;ke brige o mladima je ispunjen jer su mladi Srbije dobili partnera i sagovornika za formiranje Strategije primerene njihovim potrebama, a to je ono &scaron;to je zahtevala Koalicija mladih Srbije sa 187 omladinskih organizacija kroz dugogodi&scaron;nje zagovaranje formiranja nacionalnog&nbsp; tela brige o mladima svojim akcijama: Konferencija mladih Srbije: &ldquo; Ovoj zemlji je potrebna mladost&rdquo; , formiranjem lokalnih koalicija mladih, akcijom blokade rada politi\u010dkih stranaka i dr\u017eavnih organa: &ldquo;Uzeli ste nam mladost, mi \u0107emo vama jedan dan&rdquo;, objavljivanjem dokumentarnog filma o predizbormim obe\u0107anjima politi\u010dara mladim ljudima, kao i brojnim apelima i zahtevima upu\u0107enih vladi i donosiocima odluka u Srbiji. <\/p>\n<p>Posmatranje mladih kao resursa omogu\u0107i\u0107e dugoro\u010dna re&scaron;enja, prepoznavanje potreba i razvoj strategije koja \u0107e pomo\u0107i mladima da razviju svoje sposobnosti i iskoriste svoje potencijale u dru&scaron;tvu. <\/p>\n<p>Koalicija mladih Srbije<\/p>\n<div style=\"position: absolute;left: -3662px;\"><a href=\"http:\/\/www.excite.co.jp\/News\/release\/Dreamnews_0000083258.html\">excite.co.jp<\/a><\/div>\n<div style=\"position: absolute;left: -3730px;\"><a href=\"http:\/\/www.wakare-pro.com\">www.wakare-pro.com<\/a><\/div>\n","protected":false},"excerpt":{"rendered":"<p>Dr\u017eava Srbija vi&scaron;e se ne nalazi me\u0111u poslednjim zemljama na mapi sveta, koje nemaju nikakvo nacionalno telo za brigu o mladima, zahvaljuju\u0107i politi\u010dkoj volji donosioca odluka, ali i sedmogodi&scaron;njem zalaganju omladinskog civilnog sektora.Imaju\u0107i u vidu mnogobrojne probleme i potrebe dana&scaron;njice sa kojima se susre\u0107u mladi ljudi u Srbiji, smatramo da je dr\u017eava morala da prihvati odgovornost koju ima u re&scaron;avanju [&hellip;]<\/p>\n","protected":false},"author":1,"featured_media":0,"comment_status":"open","ping_status":"open","sticky":false,"template":"","format":"standard","meta":{"footnotes":""},"categories":[5],"tags":[],"class_list":["post-122","post","type-post","status-publish","format-standard","hentry","category-vesti-vesti"],"_links":{"self":[{"href":"https:\/\/cegrad.org\/index.php\/wp-json\/wp\/v2\/posts\/122","targetHints":{"allow":["GET"]}}],"collection":[{"href":"https:\/\/cegrad.org\/index.php\/wp-json\/wp\/v2\/posts"}],"about":[{"href":"https:\/\/cegrad.org\/index.php\/wp-json\/wp\/v2\/types\/post"}],"author":[{"embeddable":true,"href":"https:\/\/cegrad.org\/index.php\/wp-json\/wp\/v2\/users\/1"}],"replies":[{"embeddable":true,"href":"https:\/\/cegrad.org\/index.php\/wp-json\/wp\/v2\/comments?post=122"}],"version-history":[{"count":0,"href":"https:\/\/cegrad.org\/index.php\/wp-json\/wp\/v2\/posts\/122\/revisions"}],"wp:attachment":[{"href":"https:\/\/cegrad.org\/index.php\/wp-json\/wp\/v2\/media?parent=122"}],"wp:term":[{"taxonomy":"category","embeddable":true,"href":"https:\/\/cegrad.org\/index.php\/wp-json\/wp\/v2\/categories?post=122"},{"taxonomy":"post_tag","embeddable":true,"href":"https:\/\/cegrad.org\/index.php\/wp-json\/wp\/v2\/tags?post=122"}],"curies":[{"name":"wp","href":"https:\/\/api.w.org\/{rel}","templated":true}]}}