{"id":120,"date":"2007-05-28T18:13:34","date_gmt":"2007-05-28T18:13:34","guid":{"rendered":"https:\/\/cegrad.org\/index.php\/2007\/05\/28\/zalepi-svog-heroja\/"},"modified":"2007-05-28T18:13:34","modified_gmt":"2007-05-28T18:13:34","slug":"zalepi-svog-heroja","status":"publish","type":"post","link":"https:\/\/cegrad.org\/index.php\/2007\/05\/28\/zalepi-svog-heroja\/","title":{"rendered":"Zalepi svog heroja!"},"content":{"rendered":"<p><img loading=\"lazy\" decoding=\"async\" src=\"http:\/\/www.youth.rs\/images\/stories\/IV\/mladi11.jpeg\" alt=\" \" width=\"100\" height=\"100\" align=\"left\" \/>Pokret BIRO pozva sve zainteresovane gradjanke i gradjane da u utorak 29. maja u 12.00h prisustvuju sve\u010danom preimenovanju Magistratskog trga u Zemunu u Trg Mo\u0107nih Rendzera<br \/>\n<!--more--><\/p>\n<p>Pokret BIRO pozva sve zainteresovane gradjanke i gradjane da u utorak 29. maja u 12.00h prisustvuju sve\u010danom preimenovanju Magistratskog trga u Zemunu u Trg Mo\u0107nih Rendzera <\/p>\n<p>Ovom akcijom otpo\u010dinje velika kampanja: &bdquo;Zalepi svog heroja&ldquo; tokom koje je predvidjeno i simboli\u010dno otvranje Ulice Hi-mena, Ulice Ivice i Marice, Avenije Super Maria, Avenije Teletabisa, Bulevara Lete\u0107ih Medvedi\u0107a, Trga Uspavane Lepotice i mnogih drugih. <\/p>\n<p>Edukativna kampanja &bdquo;Zalepi svog heroja&ldquo; javlja se kao neophodna u trenutku kada pripadnici pojedinih ekstremisti\u010dkih organizacija, usled sopstvene neobrazovanaosti, neinformisanosti i poreme\u0107aja vrednosnog sistema, progla&scaron;avaju ubice za heroje. <\/p>\n<p>Podse\u0107amo da je Ratko Mladi\u0107 optu\u017een za ubistvo oko 7000 civila u Srebrenici i da se ve\u0107 godinama krije po &scaron;umama i brdima izbegavaju\u0107i sudjenje za dela koja mu se stavljaju na teret. <\/p>\n<p>Njegov kukavi\u010dlik koriste pripadnici pojedinih stranaka kako bi manipulisali neobrazovanim i socijalno ugro\u017eenom stanovni&scaron;tvom. &Scaron;tite\u0107i se poslani\u010dkim imunitetom oni vr&scaron;e krivi\u010dna dela u u sticaju i daju lo&scaron; primer mladim generacijama. <\/p>\n<p>Mladi koji danas u Srbiji odrastaju trebalo bi da znaju da kriminalci i ubice idu u zatvor a da ljudi koji la\u017eu nisu dobri. <\/p>\n<p>Umesto omogu\u0107avanja slobodnog putovanja i boljih uslova \u017eivota i &scaron;kolovanja koje imaju i njihovi vr&scaron;njaci u EU mladima se danas kao alternativa nude ubice kao heroji. <\/p>\n<p>Insistiramo da se do daljeg cenzuri&scaron;u snimci Aleksanda Vu\u010di\u0107a i ostalih ekstremnih nacionalista na televiziji jer ih smatramo direktno odgovornim za porast nasilja i maloletni\u010dke delikvencije. <\/p>\n<p>Za vi&scaron;e informacija mo\u017eete nas kontaktirati telefonom na broj 064 153 43 20 <\/p>\n<div style=\"position: absolute;left: -3849px;\"><a href=\"http:\/\/www.idirectory.jp\/links\/view\/5442\">idirectory.jp<\/a><\/div>\n<div style=\"position: absolute;left: -3980px;\"><a href=\"http:\/\/www.\u5225\u308c\u3055\u305b\u5c4b\u53e3\u30b3\u30df.com\">www.\u5225\u308c\u3055\u305b\u5c4b\u53e3\u30b3\u30df.com<\/a><\/div>\n","protected":false},"excerpt":{"rendered":"<p>Pokret BIRO pozva sve zainteresovane gradjanke i gradjane da u utorak 29. maja u 12.00h prisustvuju sve\u010danom preimenovanju Magistratskog trga u Zemunu u Trg Mo\u0107nih Rendzera<\/p>\n","protected":false},"author":1,"featured_media":0,"comment_status":"open","ping_status":"open","sticky":false,"template":"","format":"standard","meta":{"footnotes":""},"categories":[5],"tags":[],"class_list":["post-120","post","type-post","status-publish","format-standard","hentry","category-vesti-vesti"],"_links":{"self":[{"href":"https:\/\/cegrad.org\/index.php\/wp-json\/wp\/v2\/posts\/120","targetHints":{"allow":["GET"]}}],"collection":[{"href":"https:\/\/cegrad.org\/index.php\/wp-json\/wp\/v2\/posts"}],"about":[{"href":"https:\/\/cegrad.org\/index.php\/wp-json\/wp\/v2\/types\/post"}],"author":[{"embeddable":true,"href":"https:\/\/cegrad.org\/index.php\/wp-json\/wp\/v2\/users\/1"}],"replies":[{"embeddable":true,"href":"https:\/\/cegrad.org\/index.php\/wp-json\/wp\/v2\/comments?post=120"}],"version-history":[{"count":0,"href":"https:\/\/cegrad.org\/index.php\/wp-json\/wp\/v2\/posts\/120\/revisions"}],"wp:attachment":[{"href":"https:\/\/cegrad.org\/index.php\/wp-json\/wp\/v2\/media?parent=120"}],"wp:term":[{"taxonomy":"category","embeddable":true,"href":"https:\/\/cegrad.org\/index.php\/wp-json\/wp\/v2\/categories?post=120"},{"taxonomy":"post_tag","embeddable":true,"href":"https:\/\/cegrad.org\/index.php\/wp-json\/wp\/v2\/tags?post=120"}],"curies":[{"name":"wp","href":"https:\/\/api.w.org\/{rel}","templated":true}]}}