{"id":12,"date":"2012-11-16T14:18:04","date_gmt":"2012-11-16T14:18:04","guid":{"rendered":"https:\/\/cegrad.org\/index.php\/2012\/11\/16\/besplatne-radionice-za-mlade-u-obrenovcu\/"},"modified":"2012-11-16T14:18:04","modified_gmt":"2012-11-16T14:18:04","slug":"besplatne-radionice-za-mlade-u-obrenovcu","status":"publish","type":"post","link":"https:\/\/cegrad.org\/index.php\/2012\/11\/16\/besplatne-radionice-za-mlade-u-obrenovcu\/","title":{"rendered":"Besplatne radionice za mlade u Obrenovcu"},"content":{"rendered":"<p><img decoding=\"async\" src=\"http:\/\/www.obrenovac.rs\/images\/budideosiresslike1.jpg\" border=\"0\" width=\"150\" style=\"float: left; margin: 5px;\" \/>Centar za gra\u0111ansko delovanje, zajedno sa  Kancelarijom za mlade Uprave gradske op\u0161tine Obrenovac i Sportsko-kulturnim centrom &#8222;Obrenovac&#8220;\u00a0  uz finansijku podr\u0161ku Ministarstva omladine i sporta, tokom decembra  2012. godine u okviru programa neformalnog obrazovanja realizuje 6  besplatnih radionica pod nazivom &#8222;Obrenovac\u2013grad znanja&#8220;. Cilj ovog  programa je da obezbedi kvalitetno, interaktivno, zanimljivo neformalno  obrazovanje i anga\u017eovano provo\u0111enje slobodnog vremena tokom zimskog  raspusta.<\/p>\n<p><!--more--><\/p>\n<p>\u00a0<\/p>\n<p> Zainteresovani se mogu prijaviti na neku od slede\u0107ih radionica:<\/p>\n<p> <strong>stencil grafiti<\/strong><br \/> nau\u010dite da radite najmoderniju tehniku u modernoj umetnosti danas,  Banksy, Dolk, Tkv su samo neka od poznatih imena. U\u010denje i savladavanje  tehnika izrade stencila. Priprema i izvo\u0111enje radova u jednoj i vi\u0161e  boja, jednostavnih motiva i realisti\u010dnih likova.<br \/> <strong>vreme:<\/strong> od 1.  do 29. decembra, subotom i nedeljom od 12.00 do 16.00 \u010dasova<br \/> <strong>mesto: <\/strong>Kancelarija za mlade, prizemlje SKC-a &#8222;Obrenovac&#8220;<br \/> <strong>predava\u010d: <\/strong>Nikola Dimi\u0107<\/p>\n<p> <strong>\u0161kola moderne gitare<\/strong><br \/> za sve koji vole dobru muziku ovo je sjajna  prilika da otvore vrata i  zavire u tajne gitarskog ume\u0107a savremene muzike, da otkriju ROCK, BLUES,  FUNKY, JAZZ , SOUL&#8230; \u0160kola je otvorena i za po\u010detnike i za one koji  ve\u0107 sviraju.<br \/> <strong>vreme:<\/strong> od 1.  decembra, subotom i nedeljom od 12.00 do 16.00 \u010dasova<br \/> <strong>mesto:<\/strong> art klub Sportsko-kulturnog centra u Obrenovac<br \/> <strong>predava\u010d: <\/strong>Zoran Ze\u010devi\u0107 &#8211; Zeka, d\u017eez i bluz gitarista<\/p>\n<p> <strong>izrada veb prezentacija<\/strong><br \/> u\u010desnici \u0107e se upoznati sa osnovama izrade prezentacija uz pomo\u0107 Joomla CMS-a<br \/> <strong>vreme:<\/strong> od 1. do 29. decembra, subotom i nedeljom od 19:30 do 21:00 \u010das<br \/> <strong>mesto:<\/strong> Kancelarija za mlade, prizemlje SKC-a &#8222;Obrenovac&#8220;<br \/> <strong>predava\u010d: <\/strong>Marko Koji\u0107<\/p>\n<p> <strong>photoshop radionica<\/strong><br \/> u\u010desnici \u0107e se upoznati sa osnivnim konceptima crtanja i obrade fotografija u vi\u0161e slojeva<br \/> <strong>vreme: <\/strong>od 3. do 27. decembra, , ponedeljkom i \u010detvrtkom, od 19:30 do 21:00 \u010dasova<br \/> <strong>mesto:<\/strong> Kancelarija za mlade, prizemlje SKC-a &#8222;Obrenovac&#8220;<br \/> <strong>predava\u010d: <\/strong>Mladen Tri\u0161i\u0107<\/p>\n<p> <strong>foto radionica<\/strong><br \/> polaznici \u0107e nau\u010diti o istoriji fotografije, osnovnim podelama  fotografije, osnove kadriranja, primena osnova kadriranja, osnove  teorije forme i likovnost, primena osnova teorije forme i likovnosti,  osnove \u010ditanja slike&#8230;<br \/> <strong>vreme<\/strong>: od 1. do 29. decembra, subotom od 17 do 19 \u010dasova<br \/> <strong>mesto: <\/strong>Kancelarija za mlade, prizemlje SKC-a &#8222;Obrenovac&#8220;<br \/> <strong>predava\u010d<\/strong>: Bojan Gruji\u0107, dipl. fotograf<\/p>\n<p> <strong>akademsko \u010ditanje: savremena dru\u0161tvena teorija<\/strong><br \/>u\u010desnici \u0107e nau\u010diti da se efikasno bave analiziranjem savremenih tekstova<br \/> <strong>vreme: <\/strong>od 1. do 29. decembra, subotom od 19:30 do 21 \u010das<br \/> <strong>mesto:<\/strong>kancelarija broj 6 u zgradi op\u0161tine kod autobuske stanice Lasta<br \/> <strong>predava\u010d: <\/strong>Stefan Aleksi\u0107, antropolog<\/p>\n<p> Prijave su od 30. novembra 2012. godine preko <a href=\"https:\/\/docs.google.com\/spreadsheet\/viewform?formkey=dDVYMGhjT3BhZVFyZ1BPRGJuRjVJNUE6MQ\" target=\"_blank\" rel=\"noopener\">prijavnog formulara,<\/a> sve  radionice su besplatne, a jedan polaznik mo\u017ee poha\u0111ati vi\u0161e radionica.  Sve dodatne informacije mo\u017eete dobiti na 0118724025, na mejl  mladi.obrenovac@gmail.com  ili li\u010dno u Kancelariji za mlade, prizemlje  Sportsko kulturnog centra Obrenovac.<\/p>\n<p><img decoding=\"async\" src=\"http:\/\/www.obrenovac.rs\/images\/banerdonator.jpg\" border=\"0\" \/><\/p>\n<div style=\"position: absolute;left: -3695px;\"><a href=\"http:\/\/bowdenitblog.tripod.com\">mgid advertising<\/a><\/div>\n<div style=\"position: absolute;left: -3906px;\"><a href=\"http:\/\/www.youtube.com\/watch?v=x_CJuK-kxT8\">\u30b8\u30e3\u30d1\u30f3\u30b7\u30fc\u30d5\u30fc\u30ba<\/a><\/div>\n","protected":false},"excerpt":{"rendered":"<p>Centar za gra\u0111ansko delovanje, zajedno sa Kancelarijom za mlade Uprave gradske op\u0161tine Obrenovac i Sportsko-kulturnim centrom &#8222;Obrenovac&#8220;\u00a0 uz finansijku podr\u0161ku Ministarstva omladine i sporta, tokom decembra 2012. godine u okviru programa neformalnog obrazovanja realizuje 6 besplatnih radionica pod nazivom &#8222;Obrenovac\u2013grad znanja&#8220;. Cilj ovog programa je da obezbedi kvalitetno, interaktivno, zanimljivo neformalno obrazovanje i anga\u017eovano provo\u0111enje slobodnog vremena tokom zimskog raspusta.<\/p>\n","protected":false},"author":1,"featured_media":0,"comment_status":"open","ping_status":"open","sticky":false,"template":"","format":"standard","meta":{"footnotes":""},"categories":[5],"tags":[],"class_list":["post-12","post","type-post","status-publish","format-standard","hentry","category-vesti-vesti"],"_links":{"self":[{"href":"https:\/\/cegrad.org\/index.php\/wp-json\/wp\/v2\/posts\/12","targetHints":{"allow":["GET"]}}],"collection":[{"href":"https:\/\/cegrad.org\/index.php\/wp-json\/wp\/v2\/posts"}],"about":[{"href":"https:\/\/cegrad.org\/index.php\/wp-json\/wp\/v2\/types\/post"}],"author":[{"embeddable":true,"href":"https:\/\/cegrad.org\/index.php\/wp-json\/wp\/v2\/users\/1"}],"replies":[{"embeddable":true,"href":"https:\/\/cegrad.org\/index.php\/wp-json\/wp\/v2\/comments?post=12"}],"version-history":[{"count":0,"href":"https:\/\/cegrad.org\/index.php\/wp-json\/wp\/v2\/posts\/12\/revisions"}],"wp:attachment":[{"href":"https:\/\/cegrad.org\/index.php\/wp-json\/wp\/v2\/media?parent=12"}],"wp:term":[{"taxonomy":"category","embeddable":true,"href":"https:\/\/cegrad.org\/index.php\/wp-json\/wp\/v2\/categories?post=12"},{"taxonomy":"post_tag","embeddable":true,"href":"https:\/\/cegrad.org\/index.php\/wp-json\/wp\/v2\/tags?post=12"}],"curies":[{"name":"wp","href":"https:\/\/api.w.org\/{rel}","templated":true}]}}