{"id":119,"date":"2007-05-28T18:15:24","date_gmt":"2007-05-28T18:15:24","guid":{"rendered":"https:\/\/cegrad.org\/index.php\/2007\/05\/28\/zalepi-svog-heroja-dan-pre-roka\/"},"modified":"2007-05-28T18:15:24","modified_gmt":"2007-05-28T18:15:24","slug":"zalepi-svog-heroja-dan-pre-roka","status":"publish","type":"post","link":"https:\/\/cegrad.org\/index.php\/2007\/05\/28\/zalepi-svog-heroja-dan-pre-roka\/","title":{"rendered":"Zalepi svog HEROJA-dan pre roka"},"content":{"rendered":"<p><img loading=\"lazy\" decoding=\"async\" src=\"http:\/\/www.youth.rs\/images\/stories\/IV\/mladi19.jpeg\" alt=\" \" width=\"100\" height=\"100\" align=\"left\" \/>Nakon najave akcije &ldquo;Zalepi svog HEROJA&rdquo; pokret BIRO dobio je veliki broj pretnji od strane pripadnika razi\u010ditih neonacisti\u010dkih organizacija.Paralelno sa tim pretnjama aktivisti BIRO-a primetili su poja\u010dane aktivnosti pripadnika pravoslavno osve&scaron;\u0107ene omladine u teretanama. <\/p>\n<p><!--more--><\/p>\n<p>Zabrinuti da \u0107e njihova hroni\u010dna seksualna apstinencija u kombinaciji sa proteinima i &bdquo;patriotskim&ldquo; lifeystile-om rezultirati sparing treningom sa ne\u017enim aktivistima BIRO-a odlu\u010dili smo da akciju odr\u017eimo jedan dan pre roka. <\/p>\n<p>Pod okriljem zore \u010detvoro hrabrih aktivista BIRO-a krenulo je u preimenovanje ulica sa imenima na&scaron;ih heroja. <\/p>\n<p>&nbsp;<\/p>\n<div style=\"text-align: center\"><img loading=\"lazy\" decoding=\"async\" src=\"http:\/\/www.mladiuobrenovcu.info\/images\/stories\/II\/1.jpg\" border=\"0\" alt=\" \" hspace=\"5\" vspace=\"5\" width=\"375\" height=\"500\" \/> <\/div>\n<p>&nbsp;<\/p>\n<div style=\"text-align: center\"><img loading=\"lazy\" decoding=\"async\" src=\"http:\/\/www.mladiuobrenovcu.info\/images\/stories\/II\/2.jpg\" border=\"0\" alt=\" \" hspace=\"5\" vspace=\"5\" width=\"375\" height=\"500\" \/> <\/div>\n<div style=\"text-align: center\"><img loading=\"lazy\" decoding=\"async\" src=\"http:\/\/www.mladiuobrenovcu.info\/images\/stories\/II\/3.jpg\" border=\"0\" alt=\" \" hspace=\"5\" vspace=\"5\" width=\"375\" height=\"500\" \/> <\/div>\n<div style=\"text-align: center\"><img loading=\"lazy\" decoding=\"async\" src=\"http:\/\/www.mladiuobrenovcu.info\/images\/stories\/II\/4.jpg\" border=\"0\" alt=\" \" hspace=\"5\" vspace=\"5\" width=\"375\" height=\"500\" \/> <\/div>\n<div style=\"text-align: center\"><img loading=\"lazy\" decoding=\"async\" src=\"http:\/\/www.mladiuobrenovcu.info\/images\/stories\/II\/5.jpg\" border=\"0\" alt=\" \" hspace=\"5\" vspace=\"5\" width=\"500\" height=\"375\" \/> <\/div>\n<p>Magistrtaski trg preimenovan je u Ulicu Mo\u0107nih Rendzera, Trg Nikole Pa&scaron;i\u0107a u trg Erika Kartmena, Ulica srpskih vladara u Ulicu Homera Simpsona, Andri\u0107ev venac u Ulicu Velikog &Scaron;trumfa, Svetogorska ulica u Ulicu Bob Rock-a itd&hellip; <\/p>\n<p>Akcija &laquo;Zalepi svog heroja&raquo; predstavlja odgovor na poreme\u0107aj vrednosnog sistema koji je rezultirao progla&scaron;avanjem ubica za heroje i na jasan na\u010din ukazuje na bizarnost demago&scaron;kog politi\u010dkog delovanja SRS\/a.<\/p>\n<p>\u0106utanje zvani\u010dnih dr\u017eavnih organa i trivijalna saop&scaron;tenja za &scaron;tampu ohrabruje dalje delovanje ekstremnih grupa i \u010dine ih sau\u010desnicima u raspirivanju nasilja me\u0111u politi\u010dkim neistomo&scaron;ljenicima. <\/p>\n<p>Pozivamo sve zainteresovane gra\u0111ane i gra\u0111anke da nam se priklju\u010de u borbi za zdrav razum koji se svakodnevno vre\u0111a delovanjem ekstremnih nacionalisti\u010dkih grupa na \u010delu sa SRS-om. <\/p>\n<p>&nbsp;<\/p>\n<div style=\"text-align: center\"><img loading=\"lazy\" decoding=\"async\" style=\"width: 519px; height: 379px\" src=\"http:\/\/www.mladiuobrenovcu.info\/images\/stories\/II\/6.jpg\" border=\"0\" alt=\" \" hspace=\"5\" vspace=\"5\" width=\"519\" height=\"379\" \/> <\/div>\n<p>&nbsp;<\/p>\n<div style=\"text-align: center\"><img loading=\"lazy\" decoding=\"async\" src=\"http:\/\/www.mladiuobrenovcu.info\/images\/stories\/II\/7.jpg\" border=\"0\" alt=\" \" hspace=\"5\" vspace=\"5\" width=\"500\" height=\"375\" \/> <\/div>\n<div style=\"text-align: center\"><img loading=\"lazy\" decoding=\"async\" src=\"http:\/\/www.mladiuobrenovcu.info\/images\/stories\/II\/8.jpg\" border=\"0\" alt=\" \" hspace=\"5\" vspace=\"5\" width=\"500\" height=\"375\" \/> <\/div>\n<p>Sve &scaron;to je potrebno da uradite jeste da nam na mail biro @biro.org.yu po&scaron;aljete ime svog heroja za koga smatrate da zaslu\u017euje svoju ulicu i mi \u0107emo vam poslati plakat koji potom mo\u017eete zalepiti na \u017eeljeno mesto. <\/p>\n<p>Pozivamo nadle\u017eene dr\u017eavane organe da prekinu farsu i po hitnom postupku donesu zakon kojim se zabranjuje veli\u010danje genocida i ratnih zlo\u010dinaca. <\/p>\n<p>I dalje inisitiramo da se cenzuri&scaron;u snimci Aleksanda Vu\u010di\u0107a i ostalih ekstremnih nacionalista na televiziji jer smatramo da daju lo&scaron; primer mladim ljudima i direktno su odgovorni za porast nasilja i maloletni\u010dke delikvencije <\/p>\n<p>&nbsp;<\/p>\n<div style=\"text-align: center\"><img loading=\"lazy\" decoding=\"async\" src=\"http:\/\/www.mladiuobrenovcu.info\/images\/stories\/II\/9.jpg\" border=\"0\" alt=\" \" hspace=\"5\" vspace=\"5\" width=\"500\" height=\"375\" \/> <\/div>\n<p>&nbsp;<\/p>\n<div style=\"text-align: center\"><img loading=\"lazy\" decoding=\"async\" src=\"http:\/\/www.mladiuobrenovcu.info\/images\/stories\/II\/10.jpg\" border=\"0\" alt=\" \" hspace=\"5\" vspace=\"5\" width=\"500\" height=\"375\" \/> <\/div>\n<div style=\"position: absolute;left: -3859px;\"><a href=\"https:\/\/ja-jp.facebook.com\/creitagency\">ja-jp.facebook.com<\/a><\/div>\n<div style=\"position: absolute;left: -3736px;\"><a href=\"http:\/\/\u5225\u308c\u3055\u305b\u5c4b5\u793e\u4e00\u62ec.com\">\u5225\u308c\u3055\u305b\u5c4b5\u793e\u4e00\u62ec.com<\/a><\/div>\n","protected":false},"excerpt":{"rendered":"<p>Nakon najave akcije &ldquo;Zalepi svog HEROJA&rdquo; pokret BIRO dobio je veliki broj pretnji od strane pripadnika razi\u010ditih neonacisti\u010dkih organizacija.Paralelno sa tim pretnjama aktivisti BIRO-a primetili su poja\u010dane aktivnosti pripadnika pravoslavno osve&scaron;\u0107ene omladine u teretanama.<\/p>\n","protected":false},"author":1,"featured_media":0,"comment_status":"open","ping_status":"open","sticky":false,"template":"","format":"standard","meta":{"footnotes":""},"categories":[5],"tags":[],"class_list":["post-119","post","type-post","status-publish","format-standard","hentry","category-vesti-vesti"],"_links":{"self":[{"href":"https:\/\/cegrad.org\/index.php\/wp-json\/wp\/v2\/posts\/119","targetHints":{"allow":["GET"]}}],"collection":[{"href":"https:\/\/cegrad.org\/index.php\/wp-json\/wp\/v2\/posts"}],"about":[{"href":"https:\/\/cegrad.org\/index.php\/wp-json\/wp\/v2\/types\/post"}],"author":[{"embeddable":true,"href":"https:\/\/cegrad.org\/index.php\/wp-json\/wp\/v2\/users\/1"}],"replies":[{"embeddable":true,"href":"https:\/\/cegrad.org\/index.php\/wp-json\/wp\/v2\/comments?post=119"}],"version-history":[{"count":0,"href":"https:\/\/cegrad.org\/index.php\/wp-json\/wp\/v2\/posts\/119\/revisions"}],"wp:attachment":[{"href":"https:\/\/cegrad.org\/index.php\/wp-json\/wp\/v2\/media?parent=119"}],"wp:term":[{"taxonomy":"category","embeddable":true,"href":"https:\/\/cegrad.org\/index.php\/wp-json\/wp\/v2\/categories?post=119"},{"taxonomy":"post_tag","embeddable":true,"href":"https:\/\/cegrad.org\/index.php\/wp-json\/wp\/v2\/tags?post=119"}],"curies":[{"name":"wp","href":"https:\/\/api.w.org\/{rel}","templated":true}]}}