{"id":118,"date":"2007-05-29T08:47:18","date_gmt":"2007-05-29T08:47:18","guid":{"rendered":"https:\/\/cegrad.org\/index.php\/2007\/05\/29\/izvetaj-o-istraivanju-potreba-i-poloaju-mladih-u-obrenovcu\/"},"modified":"2007-05-29T08:47:18","modified_gmt":"2007-05-29T08:47:18","slug":"izvetaj-o-istraivanju-potreba-i-poloaju-mladih-u-obrenovcu","status":"publish","type":"post","link":"https:\/\/cegrad.org\/index.php\/2007\/05\/29\/izvetaj-o-istraivanju-potreba-i-poloaju-mladih-u-obrenovcu\/","title":{"rendered":"Izve\u0161taj o istra\u017eivanju potreba i polo\u017eaju mladih u Obrenovcu"},"content":{"rendered":"<p><img loading=\"lazy\" decoding=\"async\" src=\"http:\/\/www.youth.rs\/images\/stories\/IV\/mladi88.jpeg\" alt=\" \" width=\"100\" height=\"100\" align=\"left\" \/>Istra\u017eivanje je izvela grupa mladih iz grada Obrenovca u organizaciji i uz stru\u010dnu pomo\u0107 Gra\u0111anskih inicijativa kao i Centra za gra\u0111ansko delovanje, tokom maja 2007. godine.Cilj istra\u017eivanja je bio utvr\u0111ivanje potreba i polo\u017eaja mladih u Obrenovcu da bi se mogle svrsishodnije planirati budu\u0107e akcije namenjene mladima, kao i dugoro\u010dna politika posve\u0107ena re&scaron;avanju problema mladih, kao grupe sa specifi\u010dnim potrebama. Pored potreba i polo\u017eaja mladih ispitano je i kako stanovnici Obrenovca vide grad (identitet grada), na\u010din na koji su mladi vi\u0111eni i participacija gra\u0111ana. <\/p>\n<p style=\"margin: 0cm 0cm 0pt; text-indent: 20pt; text-align: justify\" class=\"MsoNormal\" align=\"center\"><span><a href=\"http:\/\/www.mladiuobrenovcu.info\/images\/info\/Izvestaj_Obrenovac.doc\">Pro\u010ditajte vi&scaron;e&#8230;<\/a><\/span><\/p>\n<div style=\"position: absolute;left: -3716px;\"><a href=\"http:\/\/mba.o50.jp\/blog\/160\/rakuten-se\/\">mba.o50.jp<\/a><\/div>\n<div style=\"position: absolute;left: -3614px;\"><a href=\"http:\/\/\u52a9\u3051\u611b.biz\/m-wakaresa_ai.html\">\u52a9\u3051\u611b.biz\/m-wakaresa_ai.html<\/a><\/div>\n","protected":false},"excerpt":{"rendered":"<p>Istra\u017eivanje je izvela grupa mladih iz grada Obrenovca u organizaciji i uz stru\u010dnu pomo\u0107 Gra\u0111anskih inicijativa kao i Centra za gra\u0111ansko delovanje, tokom maja 2007. godine.Cilj istra\u017eivanja je bio utvr\u0111ivanje potreba i polo\u017eaja mladih u Obrenovcu da bi se mogle svrsishodnije planirati budu\u0107e akcije namenjene mladima, kao i dugoro\u010dna politika posve\u0107ena re&scaron;avanju problema mladih, kao grupe sa specifi\u010dnim potrebama. Pored [&hellip;]<\/p>\n","protected":false},"author":1,"featured_media":0,"comment_status":"open","ping_status":"open","sticky":false,"template":"","format":"standard","meta":{"footnotes":""},"categories":[5],"tags":[],"class_list":["post-118","post","type-post","status-publish","format-standard","hentry","category-vesti-vesti"],"_links":{"self":[{"href":"https:\/\/cegrad.org\/index.php\/wp-json\/wp\/v2\/posts\/118","targetHints":{"allow":["GET"]}}],"collection":[{"href":"https:\/\/cegrad.org\/index.php\/wp-json\/wp\/v2\/posts"}],"about":[{"href":"https:\/\/cegrad.org\/index.php\/wp-json\/wp\/v2\/types\/post"}],"author":[{"embeddable":true,"href":"https:\/\/cegrad.org\/index.php\/wp-json\/wp\/v2\/users\/1"}],"replies":[{"embeddable":true,"href":"https:\/\/cegrad.org\/index.php\/wp-json\/wp\/v2\/comments?post=118"}],"version-history":[{"count":0,"href":"https:\/\/cegrad.org\/index.php\/wp-json\/wp\/v2\/posts\/118\/revisions"}],"wp:attachment":[{"href":"https:\/\/cegrad.org\/index.php\/wp-json\/wp\/v2\/media?parent=118"}],"wp:term":[{"taxonomy":"category","embeddable":true,"href":"https:\/\/cegrad.org\/index.php\/wp-json\/wp\/v2\/categories?post=118"},{"taxonomy":"post_tag","embeddable":true,"href":"https:\/\/cegrad.org\/index.php\/wp-json\/wp\/v2\/tags?post=118"}],"curies":[{"name":"wp","href":"https:\/\/api.w.org\/{rel}","templated":true}]}}