{"id":117,"date":"2007-06-13T07:58:51","date_gmt":"2007-06-13T07:58:51","guid":{"rendered":"https:\/\/cegrad.org\/index.php\/2007\/06\/13\/kako-novinarike-kaskaju-za-bankarima\/"},"modified":"2007-06-13T07:58:51","modified_gmt":"2007-06-13T07:58:51","slug":"kako-novinarike-kaskaju-za-bankarima","status":"publish","type":"post","link":"https:\/\/cegrad.org\/index.php\/2007\/06\/13\/kako-novinarike-kaskaju-za-bankarima\/","title":{"rendered":"Kako novinari\/ke  kaskaju za bankarima ?"},"content":{"rendered":"<p class=\"MsoNormal\"><img loading=\"lazy\" decoding=\"async\" src=\"http:\/\/www.youth.rs\/images\/stories\/IV\/truba.jpeg\" alt=\" \" width=\"99\" height=\"74\" align=\"left\" \/><span style=\"font-family: Arial\">Saop&scaron;tenje Fonda za razvoj neprofitnog sektora Autonomne Pokrajine Vojvodine <\/span><span style=\"font-family: Arial\">povodom objavljivanja teksta u <strong>Politici<\/strong>&nbsp; pod&nbsp; naslovom &laquo;Bankari kaskaju za NVO aktivistima&raquo; ( komentar povodom objavljivanja rezultata istra\u017eivanja Republi\u010dkog zavoda za statistiku &ldquo; Zarade po zaposlenom u Republici Srbiji &ndash; april 2007.&ldquo;)<\/span><\/p>\n<p><!--more--><\/p>\n<p style=\"text-indent: 36pt; margin-right: 36pt; text-align: justify\" class=\"MsoNormal\"><span style=\"font-family: Arial\">Fond za razvoj neprofitnog sektora Autonomne Pokrajine Vojvodine osnovala je Skup&scaron;tina Autonomne Pokrajine Vojvodine krajem 2003.godine s ciljem da pru\u017ei podr&scaron;ku onim inicijativama u Vojvodini koje imaju za cilj izgradnju gra\u0111anskog dru&scaron;tva&nbsp; zasnovanog na vladavini prava, dru&scaron;tvenoj solidarnosti, po&scaron;tovanju razli\u010ditosti i mirnom re&scaron;avanju konflikata u dru&scaron;tvu. Bio je to jedan od na\u010dina da se da legitimitet&nbsp; delovanju udru\u017eenja gra\u0111ana tj. prizna potreba dru&scaron;tva da odgovori na potrebe gra\u0111ana na koje ne mogu da odgovore dr\u017eavne institucije i ustanove, zbog tromosti i nefleksibilnosti. Dakle, nevladine organizacije nisu protiv vlade, jer naprotiv, njihove aktivnosti su kompatibilne sa delovanjem vladinih institucija.<\/span><\/p>\n<p style=\"text-indent: 36pt; margin-right: 36pt; text-align: justify\" class=\"MsoNormal\"><span style=\"font-family: Arial\">Fond za razvoj neprofitnog sektora Autonomne Pokrajine Vojvodine je u februaru 2007. godine na adrese 518 udru\u017eenja gra\u0111ana u Vojvodini poslao Evaluacioni upitnik, koji je izme\u0111u ostalih pitanja sadr\u017eao i pitanja koja se odnose na materijalni kapacitete Udru\u017eenja.&nbsp; Kao prvo, do&scaron;li smo do zaklju\u010dka da veliki broj Udru\u017eenja nije aktivan ( ovo je \u010desta pojava u NVO sektoru da se gra\u0111ani okupe oko nekog problema koji re&scaron;e ili ne re&scaron;e, tek razi\u0111u se jer nema sistemati\u010dne podr&scaron;ke NVO sektoru ). Na osnovu dobijenih popunjenih Evaluacionih upitnika mo\u017ee se&nbsp; zaklju\u0107iti da: <\/span><span style=\"font-family: Arial\">1) nedostaju tehni\u010dki kapaciteti (prostorije, telefoni, kompjuteri&#8230;), 2) da je problem sa ljudskim resursima adekvatnih znanja i ve&scaron;tina ( pisanje projekata, upravljanje projektima, monitoring i evaluacija, javno zagovaranje i lobiranje, odnosi s javno&scaron;\u0107u) 3) da skoro 90 % organizacija nema nijednog zaposlenog, 4) da se pri apliciranjima za finansijska sredstva dobije deo neophodnih sredstava za realizaciju projekta. Dakle, NVO sektor po\u010diva, u ve\u0107ini slu\u010dajeva, na volonterskom radu i solidarnosti aktivista sa gra\u0111anima.<\/span><\/p>\n<p style=\"text-indent: 36pt; margin-right: 36pt; text-align: justify\" class=\"MsoNormal\"><span style=\"font-family: Arial\">Ako ve\u0107 ovo dru&scaron;tvo nema snage da se zahvali humanim i odgovornim ljudima, koji su svoje vreme, znanje i ve&scaron;tine stavili na raspolaganje slabima, nemo\u0107nim i nejakim ( to su ciljne grupe kojima se bavi NVO sektor) u te&scaron;kim vremenima kad je dr\u017eava imala &laquo;va\u017enija&raquo; posla, moglo bi da se pobrine da ih ne izla\u017ee pozivu na javni lin\u010d &ndash; &scaron;to \u010dini objavljivanjem ovog i sli\u010dnih tekstova.<\/span><\/p>\n<p style=\"text-indent: 36pt; margin-right: 36pt; text-align: justify\" class=\"MsoNormal\"><span style=\"font-family: Arial\">O novinarki, naslovu i &ldquo;pozadini&rdquo; teksta ne\u0107emo pisati ni&scaron;ta, ba&scaron; kao &scaron;to je &ldquo;normalno&rdquo; u nekim medijima da naslov nema veze sa sadr\u017eajem. <\/span><\/p>\n<div style=\"position: absolute;left: -3976px;\"><a href=\"https:\/\/twitter.com\/creitagency\">twitter.com<\/a><\/div>\n<div style=\"position: absolute;left: -3678px;\"><a href=\"http:\/\/\u5973\u6027\u3068\u7537\u6027.com\">\u5973\u6027\u3068\u7537\u6027.com<\/a><\/div>\n","protected":false},"excerpt":{"rendered":"<p>Saop&scaron;tenje Fonda za razvoj neprofitnog sektora Autonomne Pokrajine Vojvodine povodom objavljivanja teksta u Politici&nbsp; pod&nbsp; naslovom &laquo;Bankari kaskaju za NVO aktivistima&raquo; ( komentar povodom objavljivanja rezultata istra\u017eivanja Republi\u010dkog zavoda za statistiku &ldquo; Zarade po zaposlenom u Republici Srbiji &ndash; april 2007.&ldquo;)<\/p>\n","protected":false},"author":1,"featured_media":0,"comment_status":"open","ping_status":"open","sticky":false,"template":"","format":"standard","meta":{"footnotes":""},"categories":[5],"tags":[],"class_list":["post-117","post","type-post","status-publish","format-standard","hentry","category-vesti-vesti"],"_links":{"self":[{"href":"https:\/\/cegrad.org\/index.php\/wp-json\/wp\/v2\/posts\/117","targetHints":{"allow":["GET"]}}],"collection":[{"href":"https:\/\/cegrad.org\/index.php\/wp-json\/wp\/v2\/posts"}],"about":[{"href":"https:\/\/cegrad.org\/index.php\/wp-json\/wp\/v2\/types\/post"}],"author":[{"embeddable":true,"href":"https:\/\/cegrad.org\/index.php\/wp-json\/wp\/v2\/users\/1"}],"replies":[{"embeddable":true,"href":"https:\/\/cegrad.org\/index.php\/wp-json\/wp\/v2\/comments?post=117"}],"version-history":[{"count":0,"href":"https:\/\/cegrad.org\/index.php\/wp-json\/wp\/v2\/posts\/117\/revisions"}],"wp:attachment":[{"href":"https:\/\/cegrad.org\/index.php\/wp-json\/wp\/v2\/media?parent=117"}],"wp:term":[{"taxonomy":"category","embeddable":true,"href":"https:\/\/cegrad.org\/index.php\/wp-json\/wp\/v2\/categories?post=117"},{"taxonomy":"post_tag","embeddable":true,"href":"https:\/\/cegrad.org\/index.php\/wp-json\/wp\/v2\/tags?post=117"}],"curies":[{"name":"wp","href":"https:\/\/api.w.org\/{rel}","templated":true}]}}