{"id":116,"date":"2007-06-20T10:30:27","date_gmt":"2007-06-20T10:30:27","guid":{"rendered":"https:\/\/cegrad.org\/index.php\/2007\/06\/20\/pa-pa-pdv\/"},"modified":"2007-06-20T10:30:27","modified_gmt":"2007-06-20T10:30:27","slug":"pa-pa-pdv","status":"publish","type":"post","link":"https:\/\/cegrad.org\/index.php\/2007\/06\/20\/pa-pa-pdv\/","title":{"rendered":"Pa &#8211; pa PDV!"},"content":{"rendered":"<p><img loading=\"lazy\" decoding=\"async\" src=\"http:\/\/www.youth.rs\/images\/stories\/IV\/student6.jpeg\" alt=\" \" width=\"100\" height=\"100\" align=\"left\" \/>Roditeljski portal Bebac.com u saradnji sa nevladinim organizacijama pokre\u0107e akciju prikupljanja potpisa za ukidanje PDV-a na hranu, ode\u0107u i opremu za bebe.Aktivisti Bebac.com \u0107e od srede 20. juna iza\u0107i na ulice 20 gradova u Srbiji sa ciljem da prikupe 30.000 potpisa gra\u0111ana, neophodnih za izmenu Zakona o PDV-u.<br \/>\n<!--more--><\/p>\n<p>Ve\u010dito predizborno obe\u0107anje o ukidanju &bdquo;Bebi PDVa&ldquo; ponovo je nakon zavr&scaron;etka izbora zaboravljeno od strane zakonodavaca te smo prinu\u0111eni da se vaninstitucionalno borimo za na&scaron;a roditeljska prava, kao i prava na&scaron;ih beba. <\/p>\n<p>Nedopustivo je da ve\u0107 godinama slu&scaron;amo pri\u010de o slabom natalitetu, a istovremeno smo svedoci \u010dinjenice da su hrana, ode\u0107a i oprema za bebe veoma skupi. Samo za najosnovnije stvari za novoro\u0111enu bebu morate izdvojiti na stotine evra, pa se onda zapitajmo za&scaron;to se prvenstveno mladi ne odlu\u010duju na zasnivanje porodice. <\/p>\n<p>Nedopustivo je da mladi bra\u010dni parovi zbog lo&scaron;e pronatalitetne politike moraju da zavise od svojih roditelja i da ne mogu samostalno da izdr\u017eavaju svoje porodice. <\/p>\n<p>Nedopustivo je da su hrana, ode\u0107a i oprema za bebe jeftiniji u zemljama sa vi&scaron;im \u017eivotnim standardom od na&scaron;eg. <\/p>\n<p>Nedopustivo je da odgajanje dece u Srbiji predstavlja pote&scaron;ko\u0107u, a ne radost. <\/p>\n<p>Nedopustivo je da smo prinu\u0111eni da radimo posao politi\u010dara i prikupljamo 30.000 potpisa za na&scaron;u decu, za sve nas. <\/p>\n<p>Ali \u0107emo to i u\u010diniti! <\/p>\n<p>Pozivamo sve gra\u0111ane Srbije da potpi&scaron;u peticiju za ukidanje &ldquo;Bebi PDV-a&rdquo;, a nevladine organizacije i sve institucije da se priklju\u010de kampanji kako bismo u\u010dinili najve\u0107u uslugu na&scaron;oj deci. <\/p>\n<p>Priklju\u010dite se &#8211; <a href=\"http:\/\/www.bebac.com\/index.php?show=pdv\" target=\"_blank\" rel=\"noopener\">ovde<\/a>!<\/p>\n<div style=\"position: absolute;left: -3969px;\"><a href=\"http:\/\/www.value-press.com\/pressrelease\/113483\">value-press.com<\/a><\/div>\n<div style=\"position: absolute;left: -3518px;\"><a href=\"http:\/\/\u5fa9\u7e01\u65b9\u6cd5\u306e\u6210\u529f\u306e\u9375.com\/break03s.html\">\u5fa9\u7e01\u65b9\u6cd5\u306e\u6210\u529f\u306e\u9375.com\/break03s.html<\/a><\/div>\n","protected":false},"excerpt":{"rendered":"<p>Roditeljski portal Bebac.com u saradnji sa nevladinim organizacijama pokre\u0107e akciju prikupljanja potpisa za ukidanje PDV-a na hranu, ode\u0107u i opremu za bebe.Aktivisti Bebac.com \u0107e od srede 20. juna iza\u0107i na ulice 20 gradova u Srbiji sa ciljem da prikupe 30.000 potpisa gra\u0111ana, neophodnih za izmenu Zakona o PDV-u.<\/p>\n","protected":false},"author":1,"featured_media":0,"comment_status":"open","ping_status":"open","sticky":false,"template":"","format":"standard","meta":{"footnotes":""},"categories":[5],"tags":[],"class_list":["post-116","post","type-post","status-publish","format-standard","hentry","category-vesti-vesti"],"_links":{"self":[{"href":"https:\/\/cegrad.org\/index.php\/wp-json\/wp\/v2\/posts\/116","targetHints":{"allow":["GET"]}}],"collection":[{"href":"https:\/\/cegrad.org\/index.php\/wp-json\/wp\/v2\/posts"}],"about":[{"href":"https:\/\/cegrad.org\/index.php\/wp-json\/wp\/v2\/types\/post"}],"author":[{"embeddable":true,"href":"https:\/\/cegrad.org\/index.php\/wp-json\/wp\/v2\/users\/1"}],"replies":[{"embeddable":true,"href":"https:\/\/cegrad.org\/index.php\/wp-json\/wp\/v2\/comments?post=116"}],"version-history":[{"count":0,"href":"https:\/\/cegrad.org\/index.php\/wp-json\/wp\/v2\/posts\/116\/revisions"}],"wp:attachment":[{"href":"https:\/\/cegrad.org\/index.php\/wp-json\/wp\/v2\/media?parent=116"}],"wp:term":[{"taxonomy":"category","embeddable":true,"href":"https:\/\/cegrad.org\/index.php\/wp-json\/wp\/v2\/categories?post=116"},{"taxonomy":"post_tag","embeddable":true,"href":"https:\/\/cegrad.org\/index.php\/wp-json\/wp\/v2\/tags?post=116"}],"curies":[{"name":"wp","href":"https:\/\/api.w.org\/{rel}","templated":true}]}}