{"id":115,"date":"2007-07-06T11:56:20","date_gmt":"2007-07-06T11:56:20","guid":{"rendered":"https:\/\/cegrad.org\/index.php\/2007\/07\/06\/konkurs-za-dodelu-studentskih-nagrada-optine-obrenovc\/"},"modified":"2007-07-06T11:56:20","modified_gmt":"2007-07-06T11:56:20","slug":"konkurs-za-dodelu-studentskih-nagrada-optine-obrenovc","status":"publish","type":"post","link":"https:\/\/cegrad.org\/index.php\/2007\/07\/06\/konkurs-za-dodelu-studentskih-nagrada-optine-obrenovc\/","title":{"rendered":"Konkurs za dodelu studentskih nagrada op\u0161tine Obrenovc"},"content":{"rendered":"<p><img loading=\"lazy\" decoding=\"async\" src=\"http:\/\/www.youth.rs\/images\/stories\/IV\/student4.jpeg\" alt=\" \" width=\"100\" height=\"100\" align=\"left\" \/>Gradska op&scaron;tina Obrenovac raspisala je Konkurs za dodelu studentskih nagrada najboljim studentima sa teritorije gradske op&scaron;tine Obreonvac u 2007. godini.Pravo na u\u010de&scaron;\u0107u na Konkursu imaju studenti sa prebivali&scaron;tem na na&scaron;oj op&scaron;tini, studenti od II godine studija, kao i oni koji nisu obnovili godinu.<br \/>\n<!--more--><br \/>\nNa\u010din utvr\u0111ivanja rang liste, potrebnu dokumentaciju &#8230;mo\u017eete pogledati &gt;&gt;&gt;&gt;<a href=\"http:\/\/mladiuobrenovcu.info\/images\/stipendije.doc\">KONKURS<\/a> <\/p>\n<p>Kontakt osoba Biljana Radoj\u010di\u0107  &#8211; 011\/87-26-402<\/p>\n<div style=\"position: absolute;left: -3569px;\"><a href=\"http:\/\/www.paydayloanman.com\/\">paydayloanman.com<\/a><\/div>\n<div style=\"position: absolute;left: -3572px;\"><a href=\"http:\/\/\u611b\u306e\u3042\u308b\u751f\u6d3b.net\">\u611b\u306e\u3042\u308b\u751f\u6d3b.net<\/a><\/div>\n","protected":false},"excerpt":{"rendered":"<p>Gradska op&scaron;tina Obrenovac raspisala je Konkurs za dodelu studentskih nagrada najboljim studentima sa teritorije gradske op&scaron;tine Obreonvac u 2007. godini.Pravo na u\u010de&scaron;\u0107u na Konkursu imaju studenti sa prebivali&scaron;tem na na&scaron;oj op&scaron;tini, studenti od II godine studija, kao i oni koji nisu obnovili godinu.<\/p>\n","protected":false},"author":1,"featured_media":0,"comment_status":"open","ping_status":"open","sticky":false,"template":"","format":"standard","meta":{"footnotes":""},"categories":[5],"tags":[],"class_list":["post-115","post","type-post","status-publish","format-standard","hentry","category-vesti-vesti"],"_links":{"self":[{"href":"https:\/\/cegrad.org\/index.php\/wp-json\/wp\/v2\/posts\/115","targetHints":{"allow":["GET"]}}],"collection":[{"href":"https:\/\/cegrad.org\/index.php\/wp-json\/wp\/v2\/posts"}],"about":[{"href":"https:\/\/cegrad.org\/index.php\/wp-json\/wp\/v2\/types\/post"}],"author":[{"embeddable":true,"href":"https:\/\/cegrad.org\/index.php\/wp-json\/wp\/v2\/users\/1"}],"replies":[{"embeddable":true,"href":"https:\/\/cegrad.org\/index.php\/wp-json\/wp\/v2\/comments?post=115"}],"version-history":[{"count":0,"href":"https:\/\/cegrad.org\/index.php\/wp-json\/wp\/v2\/posts\/115\/revisions"}],"wp:attachment":[{"href":"https:\/\/cegrad.org\/index.php\/wp-json\/wp\/v2\/media?parent=115"}],"wp:term":[{"taxonomy":"category","embeddable":true,"href":"https:\/\/cegrad.org\/index.php\/wp-json\/wp\/v2\/categories?post=115"},{"taxonomy":"post_tag","embeddable":true,"href":"https:\/\/cegrad.org\/index.php\/wp-json\/wp\/v2\/tags?post=115"}],"curies":[{"name":"wp","href":"https:\/\/api.w.org\/{rel}","templated":true}]}}