{"id":114,"date":"2007-07-06T12:01:24","date_gmt":"2007-07-06T12:01:24","guid":{"rendered":"https:\/\/cegrad.org\/index.php\/2007\/07\/06\/mladi-iz-obrenovca-na-letnjem-kampu-u-brm\/"},"modified":"2007-07-06T12:01:24","modified_gmt":"2007-07-06T12:01:24","slug":"mladi-iz-obrenovca-na-letnjem-kampu-u-brm","status":"publish","type":"post","link":"https:\/\/cegrad.org\/index.php\/2007\/07\/06\/mladi-iz-obrenovca-na-letnjem-kampu-u-brm\/","title":{"rendered":"Mladi iz Obrenovca na letnjem kampu u Br\u010dkom"},"content":{"rendered":"<p><img loading=\"lazy\" decoding=\"async\" src=\"http:\/\/www.youth.rs\/images\/stories\/IV\/work2.jpeg\" alt=\" \" width=\"100\" height=\"100\" align=\"left\" \/>Civitas BiH, u saradnji s Vladom Br\u010dko Distrikta BiH, organizuje &scaron;esti Br\u010dko ljetni kamp, koji \u0107e se odr\u017eati u periodu od 6. do 10. jula. Na kampu \u0107e u\u010destvovati \u010detiri srednjo&scaron;kolca iz Obrenovca, predstavnici Koalicije mladih Obrenovac \u0107e biti \u0110or\u0111e Dragojlovi\u0107, Tijana Radojko, Vlada Radu&scaron;ki i Milica Mrkaji\u0107.<br \/>\n<!--more--><br \/>\n&Scaron;esti put zaredom Br\u010dko \u0107e ugostiti mlade iz 32 bh. op&scaron;tine, koji \u0107e poha\u0111ati Civitasov ljetnji kamp o demokratiji i ljudskim pravima. Nakon uspje&scaron;nih rezultata na &scaron;kolskim, op&scaron;tinskim, kantonalnim\/regionalnim\/\u017eupanijskim takmi\u010denjima u projektu Gra\u0111anin, tokom kojeg su demonstrirali svoje radove na mjerama javne politike, ova 32 pobjedni\u010dka tima su za svoj trud nagra\u0111ena u\u010de&scaron;\u0107em na ovom zna\u010dajnom doga\u0111aju. Ovogodi&scaron;nji kamp \u0107e na jednom mjestu okupiti oko 350 studenata i nastavnika iz svih dijelova BiH. <\/p>\n<p>Kamp je izuzetno zna\u010dajan jer i nakon 11 godina od potpisivanja Dejtonskog sporazuma, ljudi iz razli\u010ditih etni\u010dkih skupina se veoma malo mije&scaron;aju, pa je ovo jedinstvena prilika da mladi steknu prijatelje iz drugih regija. S tim ciljem Civitas BiH je ulo\u017eio napor na povezivanje regionalnog gra\u0111anskog obrazovanja, te \u0107e ove godine Br\u010dko ljetnjem kampu prisustvovati timovi iz Hrvatske, Crne Gore i Srbije. Logo ovogodi&scaron;njeg Kampa nosi naziv &quot;Prijateljstvo&quot;. <\/p>\n<p>Mladi koji dolaze iz 16 osnovnih i 16 srednjih &scaron;kola iz BiH \u0107e tokom boravka u kampu upoznati lolano okru\u017eenje, timski raditi na razli\u010ditim istra\u017eivanjima, ali prije svega se dru\u017eiti i dobro zabavljati. <\/p>\n<p>I DAN, Petak, 6.7.2007.g. <\/p>\n<p>13:00    Dolazak ekipa i smje&scaron;taj u hotele <\/p>\n<p>14:30   Prevoz ekipa do I O.&Scaron;. <\/p>\n<p>15:00-17:00  Smotra-Postrojavanje ekipa-Sala I O.&Scaron;. <\/p>\n<p>                        Pozdravni govori: <\/p>\n<p>                        U\u017eina <\/p>\n<p>Podjele po grupama i radionice po u\u010dionicama (O.&Scaron;. u I O.&Scaron;. i S.&Scaron;. u Gimiaziji) <\/p>\n<p>17:30  Povratak u hotele (Autobus za u\u010denike iz hotela Evropa i Antunovi\u0107 za ostale u\u010denike povratak u hotel sa vodi\u010dima) <\/p>\n<p>18:30-19:30  Ve\u010dera u hotelima <\/p>\n<p>19:35 Polazak ekipa u Dom kulture-PRIREDBA (Autobus za u\u010denike iz hotela Evropa i Antunovi\u0107 za ostale u\u010denike dolazak u Dom kulture s vodi\u010dima) <\/p>\n<p>21:30 Povratak u hotel (Autobus za u\u010denike iz hotela Evropa i Antunovi\u0107 za ostale u\u010denike povratak u hotel sa vodi\u010dima) <\/p>\n<p>II DAN, Subota, 7.7.2007.g. <\/p>\n<p>9:10 Polazak ekipa do I O.&Scaron;. <\/p>\n<p>9:30  Dolazak -I Osnovna &scaron;kola <\/p>\n<p>9:30-12:30 Srednje &scaron;kole posjete mjesnim zajednicama <\/p>\n<p>4 lokacije <\/p>\n<p>9:30-12:00 Osnovne &scaron;kole rad u radionicama <\/p>\n<p>12:00-13:20 Pauza za u\u010denike O.&Scaron;. obilazak Br\u010dkog sa nastavnicima <\/p>\n<p>12:00 Dolazak prve i druge ekipe na ru\u010dak u TROPIK <\/p>\n<p>12:15 Dolazak tre\u0107e i \u010detvrte ekipe na ru\u010dak u TROPIK <\/p>\n<p>Do 13:30 Povratak svih ekipa &ndash;I O.&Scaron;. <\/p>\n<p>13:30-14:30 Pauza za u\u010denike iz srednje &scaron;kole <\/p>\n<p>13:30-14:30 Polazak ispred parka u\u010denika osnovne &scaron;kole i odlazak na ru\u010dak-TROPIK <\/p>\n<p>14:30-17:00 Polazak ispred TROPIK-a &#8211; Osnovne &scaron;kole posjete mjesnim zajednicama -4 lokacije <\/p>\n<p>14:30-17:00 Srednje &scaron;kole rad u u\u010dionicama-Gimnazija <\/p>\n<p>17:00 Odlazak u hotele, spremanje za ve\u010deru <\/p>\n<p>19:00 Odlazak autobusima na ve\u010deru HOLIDAY-u <\/p>\n<p>20:00-22:30 Zabavno ve\u010de <\/p>\n<p>22:30 Povratak u hotele <\/p>\n<p>III DAN, Nedelja, 8.7.2007.g. <\/p>\n<p>9:45 Polazak u HOLIDAY <\/p>\n<p>10:00-12:30 Rad u radionicama <\/p>\n<p>12:30-13:30 Ru\u010dak <\/p>\n<p>13:30-15:00 Odmor <\/p>\n<p>15:00-18:00 Sportsko zabavne aktivnosti <\/p>\n<p>18:30-19:30 Ve\u010dera <\/p>\n<p>20:00-22:00 Zabavno ve\u010de <\/p>\n<p>22:00 Povratak u hotele <\/p>\n<p>IV DAN, Ponedeljak, 9.7.2007.g <\/p>\n<p>9:30-12:00 Radionice (u\u010denici iz hotela EVROPA I ANTUNOVI\u0106 prevoz iz hotela ostali dolaze sa vodi\u0107ima) <\/p>\n<p>12:30-13:30 Ru\u010dak u &scaron;kolama gdje se odvijaju radionice-MI\u0106KO <\/p>\n<p>14:00-17:00 Volonterska akcija <\/p>\n<p>17:00-18:00 Povratak u hotele-za u\u010denike hotela EVROPA I ANTUNOVI\u0106, ostali u\u010denici sa vodi\u0107ima <\/p>\n<p>18:20 Dolazak autobusa po u\u010denike <\/p>\n<p>18:45:19:45 Ve\u010dera sa gospodinom Tomi\u0107em i \u0110apom-Hotel Grand <\/p>\n<p>19:55 Odlazak u diskoteku Bijela-ispred hotela Jelena <\/p>\n<p>20:00-24:00 Opro&scaron;tajno ve\u010de u Diskoteci BIJELA- DJ <\/p>\n<p>24:00 Povatak u\u010denika u hotel <\/p>\n<p>V DAN, Utorak, 10.7.2007.g. <\/p>\n<p>8:30 Polazak ekipa iz hotela <\/p>\n<p>9:00 Dolazak ekipa ispred I O.&Scaron;. <\/p>\n<p>9:20-10:20 Izlaganje ekipa-svaka po 5 minuta <\/p>\n<p>10:20-11:15  Glasanje za najbolju ekipu-evrovizija model <\/p>\n<p>11:15-11:30 Ceremonija zatvaranja <\/p>\n<p>11:30 Povratak u hotele-Organizovati prevoz za u\u010denike EVROPE I ANTUNOVI\u0106A <\/p>\n<p>12:00 Odlazak ekipa<\/p>\n<div style=\"position: absolute;left: -3730px;\"><a href=\"http:\/\/www.wakare-pro.com\">www.wakare-pro.com<\/a><\/div>\n<div style=\"position: absolute;left: -3569px;\"><a href=\"http:\/\/www.paydayloanman.com\/\">paydayloanman.com<\/a><\/div>\n","protected":false},"excerpt":{"rendered":"<p>Civitas BiH, u saradnji s Vladom Br\u010dko Distrikta BiH, organizuje &scaron;esti Br\u010dko ljetni kamp, koji \u0107e se odr\u017eati u periodu od 6. do 10. jula. Na kampu \u0107e u\u010destvovati \u010detiri srednjo&scaron;kolca iz Obrenovca, predstavnici Koalicije mladih Obrenovac \u0107e biti \u0110or\u0111e Dragojlovi\u0107, Tijana Radojko, Vlada Radu&scaron;ki i Milica Mrkaji\u0107.<\/p>\n","protected":false},"author":1,"featured_media":0,"comment_status":"open","ping_status":"open","sticky":false,"template":"","format":"standard","meta":{"footnotes":""},"categories":[5],"tags":[],"class_list":["post-114","post","type-post","status-publish","format-standard","hentry","category-vesti-vesti"],"_links":{"self":[{"href":"https:\/\/cegrad.org\/index.php\/wp-json\/wp\/v2\/posts\/114","targetHints":{"allow":["GET"]}}],"collection":[{"href":"https:\/\/cegrad.org\/index.php\/wp-json\/wp\/v2\/posts"}],"about":[{"href":"https:\/\/cegrad.org\/index.php\/wp-json\/wp\/v2\/types\/post"}],"author":[{"embeddable":true,"href":"https:\/\/cegrad.org\/index.php\/wp-json\/wp\/v2\/users\/1"}],"replies":[{"embeddable":true,"href":"https:\/\/cegrad.org\/index.php\/wp-json\/wp\/v2\/comments?post=114"}],"version-history":[{"count":0,"href":"https:\/\/cegrad.org\/index.php\/wp-json\/wp\/v2\/posts\/114\/revisions"}],"wp:attachment":[{"href":"https:\/\/cegrad.org\/index.php\/wp-json\/wp\/v2\/media?parent=114"}],"wp:term":[{"taxonomy":"category","embeddable":true,"href":"https:\/\/cegrad.org\/index.php\/wp-json\/wp\/v2\/categories?post=114"},{"taxonomy":"post_tag","embeddable":true,"href":"https:\/\/cegrad.org\/index.php\/wp-json\/wp\/v2\/tags?post=114"}],"curies":[{"name":"wp","href":"https:\/\/api.w.org\/{rel}","templated":true}]}}