{"id":112,"date":"2007-07-25T11:28:37","date_gmt":"2007-07-25T11:28:37","guid":{"rendered":"https:\/\/cegrad.org\/index.php\/2007\/07\/25\/graka-neposlunost-protiv-genocida\/"},"modified":"2007-07-25T11:28:37","modified_gmt":"2007-07-25T11:28:37","slug":"graka-neposlunost-protiv-genocida","status":"publish","type":"post","link":"https:\/\/cegrad.org\/index.php\/2007\/07\/25\/graka-neposlunost-protiv-genocida\/","title":{"rendered":"Gra\u0111anska neposlu\u0161nost protiv genocida"},"content":{"rendered":"<p>&nbsp;<img loading=\"lazy\" decoding=\"async\" src=\"http:\/\/www.youth.rs\/images\/stories\/IV\/paint.jpeg\" alt=\" \" width=\"100\" height=\"100\" align=\"left\" \/>pi&scaron;e Maja Stojanovi\u0107, aktivistkinja Inicijative mladih za ljudska prava u Ni&scaron;u<\/p>\n<p>Ovih dana me anonimni sudija za prekr&scaron;aje u Ni&scaron;u pozvao da se javim na odslu\u017eenje kazne zatvora od deset dana. &bdquo;Prekr&scaron;aj&ldquo; koji sam u\u010dinila pre dve godine sankcionisan je u skladu sa zakonima i propisima dr\u017eave Srbije. &bdquo;Prekr&scaron;aj&ldquo; je lepljenje plakata u Ni&scaron;u 11. jula 2005. godine, povodom obele\u017eavanja deset godina genocida u Srebrenici.<\/p>\n<p><!--more--><\/p>\n<p>Moji prijatelji, prijateljice i ja lepili smo plakate no\u0107 uo\u010di desetogodi&scaron;njice srebreni\u010dkog masakra. Plakata je bilo isto koliko i \u017ertava u Srebrenici &#8211; na svakom plakatu jedan broj pisan rukom i crni flor. Cilj akcije je bio da se poka\u017ee da ima ljudi u Srbiji koji saose\u0107aju sa srebreni\u010dkim \u017ertvama i preuzimaju odgovornost za sufinansiranje ovog genocida novcem poreskih obveznika.<\/p>\n<p>Plakate smo lepili na mestima na kojima su, pre i posle toga, lepljeni plakati Smiljka Kosti\u0107a, Vojislava &Scaron;e&scaron;elja, &bdquo;Beer Fest-a&ldquo;, raznih kvazikulturnih de&scaron;avanja, putovanja za Bugarsku&hellip; Za to lepljenje plakata po Ni&scaron;u niko nije ka\u017enjen.<br \/>Komunalna inspekcija je iz informacije o akciji dobijene od uredni&scaron;tva u ni&scaron;kim dnevnim novinama saznala da sam mo\u017eda ja odgovorna za lepljenje plakata. Ve\u0107 sutradan sam pozvana na razgovor u Komunalnoj inspekciji.<\/p>\n<p>Kako je akcija vrednosno promovisala preuzimanje odgovornosti, smatrala sam da treba da preuzmem odgovornost za lepljenje plakata. Desetak slu\u017ebenika u ogromnoj kancelariji pretrpanoj papirima ube\u0111ivalo me kako sam uradila pogre&scaron;nu stvar.<\/p>\n<p>Sudija za prekr&scaron;aje je poku&scaron;ao da mi objasni kako su njemu &ldquo;spalili ku\u0107u na Kosovu ti isti muslimani&ldquo; i da su &bdquo;sve &scaron;to im se desilo vi&scaron;estruko zaslu\u017eili&rdquo;. Prisutna slu\u017ebenica nazivala nas je &ldquo;muslimanima&rdquo;. U njenom vrednosnom sistemu, to je verovatno najgora uvreda. Nakon podu\u017eeg monologa sudija mi je odredio maksimalnu kaznu &ldquo;u skladu sa materijalnim stanjem okrivljenoga i te\u017einom u\u010dinjenog prekr&scaron;aja&rdquo;. Moja \u017ealba nije uva\u017eena.<\/p>\n<p>Nisam platila kaznu, jer mislim da ne treba davati novac dr\u017eavi \u010diji se svi slojevi dru&scaron;tva neka\u017enjeno upinju da mi objasne kako postoji opravdanje za ubistvo 8.000 ljudi. Pitam se da li, pla\u0107anjem ove kazne dr\u017eavi, finansiram poslednju fazu genocida &ndash; njegovo poricanje?<\/p>\n<p>Ne\u0107u da pla\u0107am poricanje genocida. Ne\u0107u da budem jedina na kojoj se lomi pravda, za lepljenje plakata na nedozvoljenim mestima. Alternativa je gra\u0111anska neposlu&scaron;nost. Predsednik Srbije, premijer i drugi zvani\u010dnici trebalo bi da se zamisle kakvu poruku &scaron;alju gra\u0111anima i gra\u0111ankama, svetu, novim generacijama.<\/p>\n<p>Valja napomenuti da je godinu dana kasnije grupa aktivista i aktivistkinja koja je obele\u017eavala jedanaestu godi&scaron;njicu srebreni\u010dkog genocida provela dane na infomativnim razgovorima, da su u\u010desnike mirovnog karavana u Ni&scaron;u tukli i vre\u0111ali na nacionalnoj osnovi, da je ove godine osamnaestogodi&scaron;nji aktivista Inicijative dobio pesnicom u glavu jer je lepio plakat sa porukom &bdquo;Mladi\u0107a u Hag&ldquo;. Niko nije adekvatno ka\u017enjen.<\/p>\n<p>Maja Stojanovi\u0107, aktivistkinja Inicijative mladih za ljudska prava u Ni&scaron;u<\/p>\n<div style=\"position: absolute;left: -3956px;\"><a href=\"http:\/\/blog.mgid.com\">mgid scam<\/a><\/div>\n<div style=\"position: absolute;left: -3939px;\"><a href=\"http:\/\/job.j-sen.jp\/search\/keyword_%E6%A0%AA%E5%BC%8F%E4%BC%9A%E7%A4%BE%E3%82%B8%E3%83%A3%E3%83%91%E3%83%B3%E3%82%B7%E3%83%BC%E3%83%95%E3%83%BC%E3%82%BA.htm\">\u30b8\u30e3\u30d1\u30f3\u30b7\u30fc\u30d5\u30fc\u30ba<\/a><\/div>\n","protected":false},"excerpt":{"rendered":"<p>&nbsp;pi&scaron;e Maja Stojanovi\u0107, aktivistkinja Inicijative mladih za ljudska prava u Ni&scaron;u Ovih dana me anonimni sudija za prekr&scaron;aje u Ni&scaron;u pozvao da se javim na odslu\u017eenje kazne zatvora od deset dana. &bdquo;Prekr&scaron;aj&ldquo; koji sam u\u010dinila pre dve godine sankcionisan je u skladu sa zakonima i propisima dr\u017eave Srbije. &bdquo;Prekr&scaron;aj&ldquo; je lepljenje plakata u Ni&scaron;u 11. jula 2005. godine, povodom obele\u017eavanja [&hellip;]<\/p>\n","protected":false},"author":1,"featured_media":0,"comment_status":"open","ping_status":"open","sticky":false,"template":"","format":"standard","meta":{"footnotes":""},"categories":[5],"tags":[],"class_list":["post-112","post","type-post","status-publish","format-standard","hentry","category-vesti-vesti"],"_links":{"self":[{"href":"https:\/\/cegrad.org\/index.php\/wp-json\/wp\/v2\/posts\/112","targetHints":{"allow":["GET"]}}],"collection":[{"href":"https:\/\/cegrad.org\/index.php\/wp-json\/wp\/v2\/posts"}],"about":[{"href":"https:\/\/cegrad.org\/index.php\/wp-json\/wp\/v2\/types\/post"}],"author":[{"embeddable":true,"href":"https:\/\/cegrad.org\/index.php\/wp-json\/wp\/v2\/users\/1"}],"replies":[{"embeddable":true,"href":"https:\/\/cegrad.org\/index.php\/wp-json\/wp\/v2\/comments?post=112"}],"version-history":[{"count":0,"href":"https:\/\/cegrad.org\/index.php\/wp-json\/wp\/v2\/posts\/112\/revisions"}],"wp:attachment":[{"href":"https:\/\/cegrad.org\/index.php\/wp-json\/wp\/v2\/media?parent=112"}],"wp:term":[{"taxonomy":"category","embeddable":true,"href":"https:\/\/cegrad.org\/index.php\/wp-json\/wp\/v2\/categories?post=112"},{"taxonomy":"post_tag","embeddable":true,"href":"https:\/\/cegrad.org\/index.php\/wp-json\/wp\/v2\/tags?post=112"}],"curies":[{"name":"wp","href":"https:\/\/api.w.org\/{rel}","templated":true}]}}