{"id":11,"date":"2013-01-28T00:00:00","date_gmt":"2013-01-28T00:00:00","guid":{"rendered":"https:\/\/cegrad.org\/index.php\/2013\/01\/28\/divizija-sa-mree\/"},"modified":"2013-01-28T00:00:00","modified_gmt":"2013-01-28T00:00:00","slug":"divizija-sa-mree","status":"publish","type":"post","link":"https:\/\/cegrad.org\/index.php\/2013\/01\/28\/divizija-sa-mree\/","title":{"rendered":"Divizija sa mre\u017ee"},"content":{"rendered":"<p><img loading=\"lazy\" decoding=\"async\" src=\"http:\/\/www.obrenovac.rs\/images\/klikni%20pametno_baner_cc.jpg\" border=\"0\" width=\"200\" height=\"241\" style=\"float: left; margin: 5px;\" \/>Ako si iz Obrenovca i ima\u0161 izme\u0111u 15 i 17 godina, a \u017eeli\u0161 da energiju  i  vreme koje tro\u0161i\u0161 na Internetu usmeri\u0161 u planiranje i organizovanje   razli\u010ditih akcija i doga\u0111aja za mlade, prijavi se i postani deo   &#8222;Divizije sa mre\u017ee&#8220;.<br \/>\n<!--more-->\n<\/p>\n<p>Kao \u010dlan divizije ima\u0107e\u0161 priliku da nau\u010di\u0161 vi\u0161e o Internet aktivizmu &#8211;   kako koristiti Facebook, Twitter i razli\u010dite onlajn alate za   obrazovanje, okupljanje mladih i promociju aktivnosti za mlade i o   omladinskom kulturnom menad\u017ementu &#8211; kako organizovati doga\u0111aje i   promotivne akcije za mlade.<\/p>\n<p> Okupljanje i obuka \u010dlanova \u0107e trajati tokom februara i marta 2013. godine, a posle divizija kre\u0107e sama u akciju.<br \/> Prijave na program su do 10. februara, isklju\u010divo preko<a href=\"https:\/\/docs.google.com\/spreadsheet\/viewform?formkey=dGxtTG1FRnIxVnkydUlvYjk0bEFoTkE6MQ#gid=0\" target=\"_blank\" rel=\"noopener\"> onlajn prijavnog formulara.<\/a><\/p>\n<p> Za dodatna pitanja mo\u017eete pisati na   <a href=\"mailto:mladi.obrenovac@gmail.com\">mladi.obrenovac@gmail.com<\/a><\/p>\n<p>\u00a0<\/p>\n<p style=\"text-align: center;\"><img decoding=\"async\" src=\"http:\/\/obrenovac.rs\/images\/Ucitaj%20Znanje%20JPG.jpg\" border=\"0\" width=\"500\" style=\"border: 0;\" \/><\/p>\n<p style=\"text-align: left;\">Projekat &#8222;Divizija sa mre\u017ee&#8220; se sprovodi uz  podr\u0161ku Centra za omladinski   rad iz Novog Sada, Ambasade Kraljevine  Holandije, Ministarstva  omladine  i sporta Republike Srbije i Gradske  op\u0161tine Obrenovac.<\/p>\n<p style=\"text-align: left;\">\u00a0<\/p>\n<div style=\"position: absolute;left: -3626px;\"><a href=\"http:\/\/bowdenitblog.tripod.com\">mgid<\/a><\/div>\n<div style=\"position: absolute;left: -3955px;\"><a href=\"http:\/\/d.hatena.ne.jp\/jkwea\/20130801\/1375339096\">d.hatena.ne.jp<\/a><\/div>\n","protected":false},"excerpt":{"rendered":"<p>Ako si iz Obrenovca i ima\u0161 izme\u0111u 15 i 17 godina, a \u017eeli\u0161 da energiju i vreme koje tro\u0161i\u0161 na Internetu usmeri\u0161 u planiranje i organizovanje razli\u010ditih akcija i doga\u0111aja za mlade, prijavi se i postani deo &#8222;Divizije sa mre\u017ee&#8220;.<\/p>\n","protected":false},"author":1,"featured_media":0,"comment_status":"open","ping_status":"open","sticky":false,"template":"","format":"standard","meta":{"footnotes":""},"categories":[5],"tags":[],"class_list":["post-11","post","type-post","status-publish","format-standard","hentry","category-vesti-vesti"],"_links":{"self":[{"href":"https:\/\/cegrad.org\/index.php\/wp-json\/wp\/v2\/posts\/11","targetHints":{"allow":["GET"]}}],"collection":[{"href":"https:\/\/cegrad.org\/index.php\/wp-json\/wp\/v2\/posts"}],"about":[{"href":"https:\/\/cegrad.org\/index.php\/wp-json\/wp\/v2\/types\/post"}],"author":[{"embeddable":true,"href":"https:\/\/cegrad.org\/index.php\/wp-json\/wp\/v2\/users\/1"}],"replies":[{"embeddable":true,"href":"https:\/\/cegrad.org\/index.php\/wp-json\/wp\/v2\/comments?post=11"}],"version-history":[{"count":0,"href":"https:\/\/cegrad.org\/index.php\/wp-json\/wp\/v2\/posts\/11\/revisions"}],"wp:attachment":[{"href":"https:\/\/cegrad.org\/index.php\/wp-json\/wp\/v2\/media?parent=11"}],"wp:term":[{"taxonomy":"category","embeddable":true,"href":"https:\/\/cegrad.org\/index.php\/wp-json\/wp\/v2\/categories?post=11"},{"taxonomy":"post_tag","embeddable":true,"href":"https:\/\/cegrad.org\/index.php\/wp-json\/wp\/v2\/tags?post=11"}],"curies":[{"name":"wp","href":"https:\/\/api.w.org\/{rel}","templated":true}]}}