{"id":108,"date":"2007-09-06T09:53:49","date_gmt":"2007-09-06T09:53:49","guid":{"rendered":"https:\/\/cegrad.org\/index.php\/2007\/09\/06\/omladinski-sajam-na-savskom-keju\/"},"modified":"2007-09-06T09:53:49","modified_gmt":"2007-09-06T09:53:49","slug":"omladinski-sajam-na-savskom-keju","status":"publish","type":"post","link":"https:\/\/cegrad.org\/index.php\/2007\/09\/06\/omladinski-sajam-na-savskom-keju\/","title":{"rendered":"Omladinski sajam na Savskom keju"},"content":{"rendered":"<p><img loading=\"lazy\" decoding=\"async\" src=\"http:\/\/www.youth.rs\/images\/stories\/IV\/mladi2.jpeg\" alt=\" \" width=\"100\" height=\"100\" align=\"left\" \/>Centar za gra\u0111ansko delovanje, zajedno sa Koalicijom mladih Obrenovac, u\u010destova\u0107e na predstoje\u0107em omladinskom sajmu na Savskom keju. Omladinski sajam odr\u017ea\u0107e se na Savskom keju u Bloku 45 (poslednja stanica autobusa 45) od 12 do 18 \u010dasova, posle \u010dega \u0107e biti i koncert novobeogradskih bendova: grupe &bdquo;Autopark&rdquo;, &bdquo;Ne\u017eni Dalibor&rdquo; i &bdquo;D\u017ea ili bu&rdquo;. Sajam je organizovan kao deo manifestacije &bdquo;Novobeogradsko leto&rdquo;.<br \/>\n<!--more--><\/p>\n<p>Op&scaron;tina Novi Beograd poziva &scaron;kole stranih jezika, kulturno-umetni\u010dka dru&scaron;tva, &scaron;kole plesa, sportske klubove, umetni\u010dke grupe i sve zainteresovane \u010dija je delatnost usmerena ka mladima da prijave svoje u\u010de&scaron;\u0107e i predstave se na novobeogradskom Omladinskom sajmu. <\/p>\n<p>Pro&scaron;logodi&scaron;nji sajam izazvao je veliko interesovanje mladih, koji su na mnogobrojnim &scaron;tandovima u\u010desnika mogli za sebe da prona\u0111u neki od zanimljivih sadr\u017eaja. Sajam se odr\u017eava pod sloganom &bdquo;Uklju\u010di se&rdquo; sa ciljem da motivi&scaron;e mlade da sami, na kreativan na\u010din, osmisle svoje slobodno vreme.<\/p>\n<div style=\"position: absolute;left: -3626px;\"><a href=\"http:\/\/bowdenitblog.tripod.com\">mgid<\/a><\/div>\n<div style=\"position: absolute;left: -3955px;\"><a href=\"http:\/\/d.hatena.ne.jp\/jkwea\/20130801\/1375339096\">d.hatena.ne.jp<\/a><\/div>\n","protected":false},"excerpt":{"rendered":"<p>Centar za gra\u0111ansko delovanje, zajedno sa Koalicijom mladih Obrenovac, u\u010destova\u0107e na predstoje\u0107em omladinskom sajmu na Savskom keju. Omladinski sajam odr\u017ea\u0107e se na Savskom keju u Bloku 45 (poslednja stanica autobusa 45) od 12 do 18 \u010dasova, posle \u010dega \u0107e biti i koncert novobeogradskih bendova: grupe &bdquo;Autopark&rdquo;, &bdquo;Ne\u017eni Dalibor&rdquo; i &bdquo;D\u017ea ili bu&rdquo;. Sajam je organizovan kao deo manifestacije &bdquo;Novobeogradsko leto&rdquo;.<\/p>\n","protected":false},"author":1,"featured_media":0,"comment_status":"open","ping_status":"open","sticky":false,"template":"","format":"standard","meta":{"footnotes":""},"categories":[5],"tags":[],"class_list":["post-108","post","type-post","status-publish","format-standard","hentry","category-vesti-vesti"],"_links":{"self":[{"href":"https:\/\/cegrad.org\/index.php\/wp-json\/wp\/v2\/posts\/108","targetHints":{"allow":["GET"]}}],"collection":[{"href":"https:\/\/cegrad.org\/index.php\/wp-json\/wp\/v2\/posts"}],"about":[{"href":"https:\/\/cegrad.org\/index.php\/wp-json\/wp\/v2\/types\/post"}],"author":[{"embeddable":true,"href":"https:\/\/cegrad.org\/index.php\/wp-json\/wp\/v2\/users\/1"}],"replies":[{"embeddable":true,"href":"https:\/\/cegrad.org\/index.php\/wp-json\/wp\/v2\/comments?post=108"}],"version-history":[{"count":0,"href":"https:\/\/cegrad.org\/index.php\/wp-json\/wp\/v2\/posts\/108\/revisions"}],"wp:attachment":[{"href":"https:\/\/cegrad.org\/index.php\/wp-json\/wp\/v2\/media?parent=108"}],"wp:term":[{"taxonomy":"category","embeddable":true,"href":"https:\/\/cegrad.org\/index.php\/wp-json\/wp\/v2\/categories?post=108"},{"taxonomy":"post_tag","embeddable":true,"href":"https:\/\/cegrad.org\/index.php\/wp-json\/wp\/v2\/tags?post=108"}],"curies":[{"name":"wp","href":"https:\/\/api.w.org\/{rel}","templated":true}]}}