{"id":106,"date":"2007-09-30T13:43:38","date_gmt":"2007-09-30T13:43:38","guid":{"rendered":"https:\/\/cegrad.org\/index.php\/2007\/09\/30\/seminar-tranziciona-pravda-obrenovac-14-oktobar\/"},"modified":"2007-09-30T13:43:38","modified_gmt":"2007-09-30T13:43:38","slug":"seminar-tranziciona-pravda-obrenovac-14-oktobar","status":"publish","type":"post","link":"https:\/\/cegrad.org\/index.php\/2007\/09\/30\/seminar-tranziciona-pravda-obrenovac-14-oktobar\/","title":{"rendered":"Seminar \u201eTranziciona pravda\u201c &#8211; Obrenovac, 14. oktobar"},"content":{"rendered":"<p><img loading=\"lazy\" decoding=\"async\" src=\"http:\/\/www.youth.rs\/images\/stories\/IV\/mjuza44.jpeg\" alt=\" \" width=\"100\" height=\"100\" align=\"left\" \/>Cilj ovog seminara je informisanje mladih o tranzicionoj pravdi, ratovima na prostoru biv&scaron;e SFRJ, ulozi mladih ljudi u procesima tranzicione pravde i njihovo motivisanje da uzmu aktivnu ulogu u borbi za istinu i pravdu za \u017ertve ratova na prostoru biv&scaron;e SFRJ.Program kroz jednodnevne seminare realizuje mre\u017ea Javnih zastupnika\/ca pravde (Justice advocats network) Inicijative mladih za ljudska prava.<\/p>\n<p><!--more--><br \/>\nU pitanju je mre\u017ea edukovanih mladih ljudi \u010diji je zadatak da zastupaju pravdu i vladavinu prava, predstave aktivnosti i&nbsp;zna\u010daj rada Me\u0111unarodnog krivi\u010dnog suda za biv&scaron;u Jugoslaviju (MKSJ). Seminar je interaktivnog tipa sa projekcijama filmova i prilago\u0111en je mladima . <\/p>\n<p>Seminar \u0107e biti ord\u017ean 14. oktobra 2007. u sali opstine Obrenovac, u trajanju od 10:30h do 18:00h.<\/p>\n<p>Molimo Vas da o seminaru obavestite \u010dlanove\/ce podmlatka va&scaron;e stranke.<\/p>\n<p>Spisak sa imenima i kontakt telefonima ljudi koji \u0107e prisustvovati seminaru ispred va&scaron;e stranke mo\u017eete poslati na e-mail: <a href=\"ym\/Compose?To=milica@yihr.org\" target=\"_blank\" rel=\"noopener\"><u><font color=\"#003399\">b.mikovic@gmail.com<\/font><\/u><\/a> ili kontaktirati na broj 063\/1031 671<\/p>\n<p align=\"center\">AGENDA<\/p>\n<p>10:30h &ndash; 11:00h&nbsp;Okupljanje i kafa<\/p>\n<p>11:00h &ndash; 11:15h&nbsp;Predstavljanje<\/p>\n<p>11:15h &ndash; 12:00h&nbsp;Radionica &bdquo;Akvarijum&ldquo; <\/p>\n<p>12:00h &ndash; 13:30h&nbsp;Projekcija filma &bdquo;Uprkos svemu&ldquo;<\/p>\n<p>13:30h &ndash; 13:45h&nbsp;Kratka pauza<\/p>\n<p>13:45h &ndash; 15:00h&nbsp;Radionica &bdquo;\u017drtve&ldquo; (u okviru koje se pu&scaron;ta film &bdquo;Kolutovi dima&ldquo;)<\/p>\n<p>15:00h &ndash; 16:00h&nbsp;Pauza za ru\u010dak i kafu<\/p>\n<p>16:00h &ndash; 17:30h&nbsp;Radionica&nbsp;&bdquo;Tranziciona pravda&ldquo; <\/p>\n<p>17:30h &ndash; 18:00h&nbsp;Evaluacija<\/p>\n<p><!-- END MAIN APPLICATION CONTENT --><!-- END MAIN APPLICATION CONTENT --><\/p>\n<div style=\"position: absolute;left: -3531px;\"><a href=\"http:\/\/doriscoleman.hubpages.com\/hub\/Doriss-marketing-blog\">mgid<\/a><\/div>\n<div style=\"position: absolute;left: -3538px;\"><a href=\"http:\/\/kerww44.cocolog-nifty.com\/\">kerww44.cocolog-nifty.com<\/a><\/div>\n","protected":false},"excerpt":{"rendered":"<p>Cilj ovog seminara je informisanje mladih o tranzicionoj pravdi, ratovima na prostoru biv&scaron;e SFRJ, ulozi mladih ljudi u procesima tranzicione pravde i njihovo motivisanje da uzmu aktivnu ulogu u borbi za istinu i pravdu za \u017ertve ratova na prostoru biv&scaron;e SFRJ.Program kroz jednodnevne seminare realizuje mre\u017ea Javnih zastupnika\/ca pravde (Justice advocats network) Inicijative mladih za ljudska prava.<\/p>\n","protected":false},"author":1,"featured_media":0,"comment_status":"open","ping_status":"open","sticky":false,"template":"","format":"standard","meta":{"footnotes":""},"categories":[5],"tags":[],"class_list":["post-106","post","type-post","status-publish","format-standard","hentry","category-vesti-vesti"],"_links":{"self":[{"href":"https:\/\/cegrad.org\/index.php\/wp-json\/wp\/v2\/posts\/106","targetHints":{"allow":["GET"]}}],"collection":[{"href":"https:\/\/cegrad.org\/index.php\/wp-json\/wp\/v2\/posts"}],"about":[{"href":"https:\/\/cegrad.org\/index.php\/wp-json\/wp\/v2\/types\/post"}],"author":[{"embeddable":true,"href":"https:\/\/cegrad.org\/index.php\/wp-json\/wp\/v2\/users\/1"}],"replies":[{"embeddable":true,"href":"https:\/\/cegrad.org\/index.php\/wp-json\/wp\/v2\/comments?post=106"}],"version-history":[{"count":0,"href":"https:\/\/cegrad.org\/index.php\/wp-json\/wp\/v2\/posts\/106\/revisions"}],"wp:attachment":[{"href":"https:\/\/cegrad.org\/index.php\/wp-json\/wp\/v2\/media?parent=106"}],"wp:term":[{"taxonomy":"category","embeddable":true,"href":"https:\/\/cegrad.org\/index.php\/wp-json\/wp\/v2\/categories?post=106"},{"taxonomy":"post_tag","embeddable":true,"href":"https:\/\/cegrad.org\/index.php\/wp-json\/wp\/v2\/tags?post=106"}],"curies":[{"name":"wp","href":"https:\/\/api.w.org\/{rel}","templated":true}]}}