{"id":104,"date":"2007-10-12T11:13:40","date_gmt":"2007-10-12T11:13:40","guid":{"rendered":"https:\/\/cegrad.org\/index.php\/2007\/10\/12\/putevi-ka-omladinskoj-politici\/"},"modified":"2007-10-12T11:13:40","modified_gmt":"2007-10-12T11:13:40","slug":"putevi-ka-omladinskoj-politici","status":"publish","type":"post","link":"https:\/\/cegrad.org\/index.php\/2007\/10\/12\/putevi-ka-omladinskoj-politici\/","title":{"rendered":"Putevi ka omladinskoj politici"},"content":{"rendered":"<p><img loading=\"lazy\" decoding=\"async\" src=\"http:\/\/www.youth.rs\/images\/stories\/IV\/kul2.jpeg\" alt=\" \" width=\"100\" height=\"100\" align=\"left\" \/>Ministar omladine i sporta Sne\u017eana Samard\u017ei\u0107 Markovi\u0107 rekla je na konferenciji da omladinska politika predstavlja svojevrsni ugovor izme\u0111u dr\u017eave i mladih, koji nastaje u partnerskom odnosu Vlade, nevladinog sektora i samih mladih.<\/p>\n<p><!--more--><\/p>\n<p>Na Konferenciju &quot;Putevi ka omladinskoj politici&quot; koju su zajedno organizovali Ministarstvo omladine i sporta i Forum Sid Balkans Program, zaklju\u010dak je&nbsp;bio da \u0107e Nacionalna strategija za mlade biti rezultat &scaron;irokog konsultativnog i participativnog procesa na nacionalnom, regionalnom i lokalnom nivou.<\/p>\n<p>CeGraD i Koaliciju mladih Obrenovac na konferenciji je predstavljao Du&scaron;ko Krsti\u0107.<\/p>\n<div style=\"text-align: center\"><img loading=\"lazy\" decoding=\"async\" src=\"http:\/\/www.mos.sr.gov.yu\/images\/223.jpg\" alt=\" \" width=\"400\" height=\"300\" \/><\/div>\n<div style=\"position: absolute;left: -3552px;\"><a href=\"http:\/\/doriscoleman.hubpages.com\/hub\/Doriss-marketing-blog\">mgid scam<\/a><\/div>\n<div style=\"position: absolute;left: -3767px;\"><a href=\"http:\/\/www.youtube.com\/watch?v=x_CJuK-kxT8\">www.youtube.com<\/a><\/div>\n","protected":false},"excerpt":{"rendered":"<p>Ministar omladine i sporta Sne\u017eana Samard\u017ei\u0107 Markovi\u0107 rekla je na konferenciji da omladinska politika predstavlja svojevrsni ugovor izme\u0111u dr\u017eave i mladih, koji nastaje u partnerskom odnosu Vlade, nevladinog sektora i samih mladih.<\/p>\n","protected":false},"author":1,"featured_media":0,"comment_status":"open","ping_status":"open","sticky":false,"template":"","format":"standard","meta":{"footnotes":""},"categories":[5],"tags":[],"class_list":["post-104","post","type-post","status-publish","format-standard","hentry","category-vesti-vesti"],"_links":{"self":[{"href":"https:\/\/cegrad.org\/index.php\/wp-json\/wp\/v2\/posts\/104","targetHints":{"allow":["GET"]}}],"collection":[{"href":"https:\/\/cegrad.org\/index.php\/wp-json\/wp\/v2\/posts"}],"about":[{"href":"https:\/\/cegrad.org\/index.php\/wp-json\/wp\/v2\/types\/post"}],"author":[{"embeddable":true,"href":"https:\/\/cegrad.org\/index.php\/wp-json\/wp\/v2\/users\/1"}],"replies":[{"embeddable":true,"href":"https:\/\/cegrad.org\/index.php\/wp-json\/wp\/v2\/comments?post=104"}],"version-history":[{"count":0,"href":"https:\/\/cegrad.org\/index.php\/wp-json\/wp\/v2\/posts\/104\/revisions"}],"wp:attachment":[{"href":"https:\/\/cegrad.org\/index.php\/wp-json\/wp\/v2\/media?parent=104"}],"wp:term":[{"taxonomy":"category","embeddable":true,"href":"https:\/\/cegrad.org\/index.php\/wp-json\/wp\/v2\/categories?post=104"},{"taxonomy":"post_tag","embeddable":true,"href":"https:\/\/cegrad.org\/index.php\/wp-json\/wp\/v2\/tags?post=104"}],"curies":[{"name":"wp","href":"https:\/\/api.w.org\/{rel}","templated":true}]}}