{"id":103,"date":"2007-10-17T13:43:58","date_gmt":"2007-10-17T13:43:58","guid":{"rendered":"https:\/\/cegrad.org\/index.php\/2007\/10\/17\/merodni-dan-borbe-protiv-siromatva-17-oktobar\/"},"modified":"2007-10-17T13:43:58","modified_gmt":"2007-10-17T13:43:58","slug":"merodni-dan-borbe-protiv-siromatva-17-oktobar","status":"publish","type":"post","link":"https:\/\/cegrad.org\/index.php\/2007\/10\/17\/merodni-dan-borbe-protiv-siromatva-17-oktobar\/","title":{"rendered":"Me\u0111unarodni dan borbe protiv siroma\u0161tva \u2013 17. oktobar"},"content":{"rendered":"<p><img loading=\"lazy\" decoding=\"async\" src=\"http:\/\/www.youth.rs\/images\/stories\/IV\/kanta.jpeg\" alt=\" \" width=\"100\" height=\"100\" align=\"left\" \/>Akivista Koalicije mladih&nbsp;i CeGraD-a Du&scaron;ko Krsti\u0107, u\u010destvovao je&nbsp;na okruglom stolu koji je &nbsp;Odbor za smanjenje siroma&scaron;tva Narodne skup&scaron;tine Republike Srbije organizovao povodom 17. oktobra Svetskog dana borbe protiv siroma&scaron;tva. Okrugli sto se odr\u017eao u sredu, 17. oktobra 2007. godine, sa po\u010detkom u 11,00 \u010dasova u Maloj Sali&nbsp; Narodne skup&scaron;tine Republike Srbije. <\/p>\n<p><!--more--><\/p>\n<p>Ovogodi&scaron;nja tema je &bdquo;Mladi i siroma&scaron;tvo&ldquo;, a u okviru obele\u017eavanja Dana siroma&scaron;tva u skup&scaron;tini je odr\u017eana&nbsp; i akcija &bdquo;Ustani i progovori protiv siroma&scaron;tva i nejednakosti&ldquo;. <\/p>\n<p>Ujedinjene nacije su 1993. godine ustanovile Dan borbe protiv siroma&scaron;tva kao dan simboli\u010dne posve\u0107enosti u nastojanjima da se iskoreni ekstremno siroma&scaron;tvo i nejednakost. Dan se obele\u017eava &scaron;irom sveta, i prati ga akcija \u010ditanja posebne poruke solidarnosti uz simboli\u010dno ustajanje. &ldquo;Ustani i digni svoj glas protiv siroma&scaron;tva i nejednakosti&rdquo; prestavlja globalnu kampanju ja\u010danja svesti o ovom problemu i podse\u0107anje vlada i drugih me\u0111unarodnih aktera na ispunjavanje obe\u0107anja iz Milenijumske dekleracije UN iz 2000. o iskorenjivanju ekstremnog siroma&scaron;tva. O\u010dekuje se da \u0107e pro&scaron;logodi&scaron;nji rekord od 23,5 miliona ljudi koji su ustali na ovaj dan biti nadma&scaron;en. <\/p>\n<p>Na skupu&nbsp;su &nbsp;govorili Meho Omerovi\u0107, Stalni koordinator UN Lans Klark, Sne\u017eana Samard\u017ei\u0107-Markovi\u0107, ministar za omladinu i sport, Judita Rajhenberg, direktorka UNICEF-a za Srbiju i za Hrvatsku, Tinde Kova\u010d-Cerovi\u0107, savetnica pri timu potpredsednika Vlade Srbije za implementaciju Strategije za smanjenje siroma&scaron;tva, a primere dobre prakse izne\u0107e predstavnici nevladinih organizacija koje se bave podr&scaron;kom mladima. <\/p>\n<p>Doma\u0107in je skup&scaron;tinski Odbor za rad, bora\u010dka i socijalna pitanja i njegov predsednik Meho Omerovi\u0107, a koorganizator kancelarija Programa Ujedinjenih nacija za razvoj u Srbiji, uz podr&scaron;ku Evropske agencije za rekonstrukciju. <\/p>\n<p>Ovogodi&scaron;nji Dan borbe protiv siroma&scaron;tva i nejednakosti u Srbiji posve\u0107en je mladima kako bi se naglasila posebnost ove kategorije stanovni&scaron;tva i njegova ranjivost kada je re\u010d o siroma&scaron;tvu. U neizvesnim okolnostima vezanim za osamostaljivanje i prelazak iz detinjstva u svet odraslih, a naro\u010dito suo\u010deni sa diskriminisanjem prilikom zapo&scaron;ljavanja, mladi ne samo &scaron;to te&scaron;ko dobijaju &scaron;ansu da iska\u017eu svoje potencijale, ve\u0107 su u opasnosti da ostanu ili dospeju u za\u010darani krug siroma&scaron;tva, &scaron;to se dalje prenosi i na uslove \u017eivota potomstva. <\/p>\n<p>Breme siroma&scaron;tva naro\u010dito poga\u0111a mlade koji pripadaju marginalizovanim grupama: izbeglice, raseljene, osobe sa invaliditetom, mlade romske nacionalnosti. Siroma&scaron;tvo je rasprostranjenije me\u0111u ruralnim stanovni&scaron;tvom. Mlade \u017eene su \u010de&scaron;\u0107e izlo\u017eene opasnosti od siroma&scaron;tva, posebno one koje su izlo\u017eene nasilju i samohrane majke. Srbija je jo&scaron; uvek jedina zemlja u Evropi bez celovite strategije pobolj&scaron;anja polo\u017eaja i uslova \u017eivota mladih. Takva strategija je upravo u izradi na inicijativu novoformiranog Ministarstva za omladinu i sport i ovaj doga\u0111aj je samo jedan u nizu aktivnosti koji bi trebalo da doprinese pove\u0107anoj brizi dru&scaron;tva o mladima, a posebno onima koji svoj odrasli \u017eivot zapo\u010dinju u uslovima siroma&scaron;tva. <\/p>\n<div style=\"position: absolute;left: -3772px;\"><a href=\"http:\/\/doriscoleman.hubpages.com\/hub\/Doriss-marketing-blog\">mgid advertising<\/a><\/div>\n<div style=\"position: absolute;left: -3625px;\"><a href=\"http:\/\/ameblo.jp\/binaryoptionsdaily\/\">\u30d0\u30a4\u30ca\u30ea\u30fc\u30aa\u30d7\u30b7\u30e7\u30f3<\/a><\/div>\n","protected":false},"excerpt":{"rendered":"<p>Akivista Koalicije mladih&nbsp;i CeGraD-a Du&scaron;ko Krsti\u0107, u\u010destvovao je&nbsp;na okruglom stolu koji je &nbsp;Odbor za smanjenje siroma&scaron;tva Narodne skup&scaron;tine Republike Srbije organizovao povodom 17. oktobra Svetskog dana borbe protiv siroma&scaron;tva. Okrugli sto se odr\u017eao u sredu, 17. oktobra 2007. godine, sa po\u010detkom u 11,00 \u010dasova u Maloj Sali&nbsp; Narodne skup&scaron;tine Republike Srbije.<\/p>\n","protected":false},"author":1,"featured_media":0,"comment_status":"open","ping_status":"open","sticky":false,"template":"","format":"standard","meta":{"footnotes":""},"categories":[5],"tags":[],"class_list":["post-103","post","type-post","status-publish","format-standard","hentry","category-vesti-vesti"],"_links":{"self":[{"href":"https:\/\/cegrad.org\/index.php\/wp-json\/wp\/v2\/posts\/103","targetHints":{"allow":["GET"]}}],"collection":[{"href":"https:\/\/cegrad.org\/index.php\/wp-json\/wp\/v2\/posts"}],"about":[{"href":"https:\/\/cegrad.org\/index.php\/wp-json\/wp\/v2\/types\/post"}],"author":[{"embeddable":true,"href":"https:\/\/cegrad.org\/index.php\/wp-json\/wp\/v2\/users\/1"}],"replies":[{"embeddable":true,"href":"https:\/\/cegrad.org\/index.php\/wp-json\/wp\/v2\/comments?post=103"}],"version-history":[{"count":0,"href":"https:\/\/cegrad.org\/index.php\/wp-json\/wp\/v2\/posts\/103\/revisions"}],"wp:attachment":[{"href":"https:\/\/cegrad.org\/index.php\/wp-json\/wp\/v2\/media?parent=103"}],"wp:term":[{"taxonomy":"category","embeddable":true,"href":"https:\/\/cegrad.org\/index.php\/wp-json\/wp\/v2\/categories?post=103"},{"taxonomy":"post_tag","embeddable":true,"href":"https:\/\/cegrad.org\/index.php\/wp-json\/wp\/v2\/tags?post=103"}],"curies":[{"name":"wp","href":"https:\/\/api.w.org\/{rel}","templated":true}]}}