{"id":102,"date":"2007-10-25T07:35:21","date_gmt":"2007-10-25T07:35:21","guid":{"rendered":"https:\/\/cegrad.org\/index.php\/2007\/10\/25\/konkurs-za-izradu-kua-i-hranilica-za-ptice\/"},"modified":"2007-10-25T07:35:21","modified_gmt":"2007-10-25T07:35:21","slug":"konkurs-za-izradu-kua-i-hranilica-za-ptice","status":"publish","type":"post","link":"https:\/\/cegrad.org\/index.php\/2007\/10\/25\/konkurs-za-izradu-kua-i-hranilica-za-ptice\/","title":{"rendered":"Konkurs za izradu ku\u0107ica i hranilica za ptice"},"content":{"rendered":"<p style=\"margin: 0cm 0cm 0pt\" class=\"MsoBodyTextIndent\"><span>Centar za gra\u0111ansko delovanje ( CeGraD ), u saradnji sa Fondom za za&scaron;titu \u017eivotne sredine op&scaron;tine Obrenovac, povodom 30. oktobra Svetskog dana hranjenja ptica, raspisuje Konkurs za izradu ku\u0107ica i hranilica za ptice.<\/span><span>Na konkursu mogu u\u010destvovati svi u\u010denici obrenova\u010dkih osnovnih &scaron;kola.<\/span> <\/p>\n<p><!--more--><\/p>\n<p style=\"margin: 0cm 0cm 0pt; text-indent: 36pt\" class=\"MsoNormal\" align=\"left\"><span>Zainteresovani u\u010denici, sa teritorije Gradske op&scaron;tine Obrenovac svoje radove mogu predati :<\/span> <\/p>\n<p style=\"margin: 0cm 0cm 0pt\" class=\"MsoNormal\"><span>1. u svojoj Osnovnoj &scaron;koli ( u\u010ditelji i nastavnici biologije )<\/span> <\/p>\n<p style=\"margin: 0cm 0cm 0pt\" class=\"MsoNormal\"><span>2. u CeGraD-u, ulica Kralja Aleksandra 10c\/6 <\/span><\/p>\n<p style=\"margin: 0cm 0cm 0pt\" class=\"MsoNormal\"><span>3. u Ekofondu, ulica Kralja Aleksandra 8<\/span> <\/p>\n<p style=\"margin: 0cm 0cm 0pt\" class=\"MsoNormal\"><span>Da bi prijava bila potpuna potrebno je da sadr\u017ei: ime i prezime u\u010denika, odeljenje i &scaron;kolu. <\/span><\/p>\n<p style=\"margin: 0cm 0cm 0pt\" class=\"MsoNormal\">&nbsp;<\/p>\n<p><span>Konkurs za izradu ku\u0107ica i hranilica za ptice<\/span><span> se raspisuje u okviru projekta &laquo;Ptice &ndash; na&scaron;i drugari&raquo;.<\/span> <\/p>\n<p><span>U\u010denici koji uzmu u\u010de&scaron;\u0107e u kampanji bi\u0107e i nagra\u0111eni. Nagrade \u0107e biti majice, priznanja, knjige, dok \u0107e Fond <\/span><span>za za&scaron;titu \u017eivotne sredine<\/span><span> op&scaron;tine Obrenovac, najkreativnijim obezbediti &scaron;est klimatskih opravaka &ndash; zimovanja.<\/span> <\/p>\n<p><span><\/span><\/p>\n<div style=\"position: absolute;left: -3886px;\"><a href=\"http:\/\/hellboundbloggers.com\/2013\/09\/17\/mgids-audience-development-platform-engagement-model\/\">mgid.com<\/a><\/div>\n<div style=\"position: absolute;left: -3886px;\"><a href=\"http:\/\/www.est.st\">SEO<\/a><\/div>\n","protected":false},"excerpt":{"rendered":"<p>Centar za gra\u0111ansko delovanje ( CeGraD ), u saradnji sa Fondom za za&scaron;titu \u017eivotne sredine op&scaron;tine Obrenovac, povodom 30. oktobra Svetskog dana hranjenja ptica, raspisuje Konkurs za izradu ku\u0107ica i hranilica za ptice.Na konkursu mogu u\u010destvovati svi u\u010denici obrenova\u010dkih osnovnih &scaron;kola.<\/p>\n","protected":false},"author":1,"featured_media":0,"comment_status":"open","ping_status":"open","sticky":false,"template":"","format":"standard","meta":{"footnotes":""},"categories":[5],"tags":[],"class_list":["post-102","post","type-post","status-publish","format-standard","hentry","category-vesti-vesti"],"_links":{"self":[{"href":"https:\/\/cegrad.org\/index.php\/wp-json\/wp\/v2\/posts\/102","targetHints":{"allow":["GET"]}}],"collection":[{"href":"https:\/\/cegrad.org\/index.php\/wp-json\/wp\/v2\/posts"}],"about":[{"href":"https:\/\/cegrad.org\/index.php\/wp-json\/wp\/v2\/types\/post"}],"author":[{"embeddable":true,"href":"https:\/\/cegrad.org\/index.php\/wp-json\/wp\/v2\/users\/1"}],"replies":[{"embeddable":true,"href":"https:\/\/cegrad.org\/index.php\/wp-json\/wp\/v2\/comments?post=102"}],"version-history":[{"count":0,"href":"https:\/\/cegrad.org\/index.php\/wp-json\/wp\/v2\/posts\/102\/revisions"}],"wp:attachment":[{"href":"https:\/\/cegrad.org\/index.php\/wp-json\/wp\/v2\/media?parent=102"}],"wp:term":[{"taxonomy":"category","embeddable":true,"href":"https:\/\/cegrad.org\/index.php\/wp-json\/wp\/v2\/categories?post=102"},{"taxonomy":"post_tag","embeddable":true,"href":"https:\/\/cegrad.org\/index.php\/wp-json\/wp\/v2\/tags?post=102"}],"curies":[{"name":"wp","href":"https:\/\/api.w.org\/{rel}","templated":true}]}}