{"id":101,"date":"2007-10-25T07:47:56","date_gmt":"2007-10-25T07:47:56","guid":{"rendered":"https:\/\/cegrad.org\/index.php\/2007\/10\/25\/nacionalna-strategija-za-mlade-okrugli-sto\/"},"modified":"2007-10-25T07:47:56","modified_gmt":"2007-10-25T07:47:56","slug":"nacionalna-strategija-za-mlade-okrugli-sto","status":"publish","type":"post","link":"https:\/\/cegrad.org\/index.php\/2007\/10\/25\/nacionalna-strategija-za-mlade-okrugli-sto\/","title":{"rendered":"Nacionalna strategija za mlade &#8211; okrugli sto"},"content":{"rendered":"<p><img loading=\"lazy\" decoding=\"async\" src=\"http:\/\/www.youth.rs\/images\/stories\/IV\/foto6.jpeg\" alt=\" \" width=\"100\" height=\"100\" align=\"left\" \/>Uz podr&scaron;ku Ministarstva omladine i sporta,&nbsp;Asocijacija za razvoj duha i intelekta &#8211; ARDI&nbsp;je, uz loklanu podr&scaron;ku CeGraD-a i Koalicije mladih Obrenovac, 22. oktobra u sali op&scaron;tone Obrenovac i maloj sali SKC-a,&nbsp;organizovala okrugli sto &#8211; konsultativni proces izrade Nacionalne strategije za mlade. <\/p>\n<p><!--more--><\/p>\n<p>Nacionalna strategija za mlade je me\u0111usektorska strategija za unapre\u0111enje kvaliteta \u017eivota mladih ljudi koja treba da bude izra\u0111ena u partnerskom odnosu vladinih institucija, civilnog dru&scaron;tva, poslovnog sektora i samih mladih ljudi. Kona\u010dna izrada i usvajanje ovog strate&scaron;kog dokumenta o\u010dekuje se za kraj meseca marta slede\u0107e godine.<br \/>Usvajanjem Nacionalne strategije za mlade celokupno dru&scaron;tvo, a naro\u010dito omladina, bi dobilo jedan strate&scaron;ki dokumenat koji bi pru\u017eao precizne smernice i preporuke za efikasnije i aktivnije bavljanje problemima koji optere\u0107uju populaciju mladih u Srbiji. <\/p>\n<p>Tokom konsultativnog procesa planirano je i organizovanje javnog dogadjaja, sa ciljem uklju\u010divanja ve\u0107eg broja institucija, organizacija i mladih u definisanje i izradu Nacionalne strategije za mlade, kako bi ovaj strate&scaron;ki dokument realno sagledao potrebe mladih ljudi u Srbiji. <\/p>\n<div style=\"position: absolute;left: -3858px;\"><a href=\"http:\/\/hellboundbloggers.com\/2013\/09\/17\/mgids-audience-development-platform-engagement-model\/\">mgid scam<\/a><\/div>\n<div style=\"position: absolute;left: -3552px;\"><a href=\"http:\/\/www.est.st\">SEO\u5bfe\u7b56<\/a><\/div>\n","protected":false},"excerpt":{"rendered":"<p>Uz podr&scaron;ku Ministarstva omladine i sporta,&nbsp;Asocijacija za razvoj duha i intelekta &#8211; ARDI&nbsp;je, uz loklanu podr&scaron;ku CeGraD-a i Koalicije mladih Obrenovac, 22. oktobra u sali op&scaron;tone Obrenovac i maloj sali SKC-a,&nbsp;organizovala okrugli sto &#8211; konsultativni proces izrade Nacionalne strategije za mlade.<\/p>\n","protected":false},"author":1,"featured_media":0,"comment_status":"open","ping_status":"open","sticky":false,"template":"","format":"standard","meta":{"footnotes":""},"categories":[5],"tags":[],"class_list":["post-101","post","type-post","status-publish","format-standard","hentry","category-vesti-vesti"],"_links":{"self":[{"href":"https:\/\/cegrad.org\/index.php\/wp-json\/wp\/v2\/posts\/101","targetHints":{"allow":["GET"]}}],"collection":[{"href":"https:\/\/cegrad.org\/index.php\/wp-json\/wp\/v2\/posts"}],"about":[{"href":"https:\/\/cegrad.org\/index.php\/wp-json\/wp\/v2\/types\/post"}],"author":[{"embeddable":true,"href":"https:\/\/cegrad.org\/index.php\/wp-json\/wp\/v2\/users\/1"}],"replies":[{"embeddable":true,"href":"https:\/\/cegrad.org\/index.php\/wp-json\/wp\/v2\/comments?post=101"}],"version-history":[{"count":0,"href":"https:\/\/cegrad.org\/index.php\/wp-json\/wp\/v2\/posts\/101\/revisions"}],"wp:attachment":[{"href":"https:\/\/cegrad.org\/index.php\/wp-json\/wp\/v2\/media?parent=101"}],"wp:term":[{"taxonomy":"category","embeddable":true,"href":"https:\/\/cegrad.org\/index.php\/wp-json\/wp\/v2\/categories?post=101"},{"taxonomy":"post_tag","embeddable":true,"href":"https:\/\/cegrad.org\/index.php\/wp-json\/wp\/v2\/tags?post=101"}],"curies":[{"name":"wp","href":"https:\/\/api.w.org\/{rel}","templated":true}]}}